{"id":3938,"date":"2017-01-07T15:16:12","date_gmt":"2017-01-07T17:16:12","guid":{"rendered":"https:\/\/blogs.correiobraziliense.com.br\/vicente\/?p=3938"},"modified":"2017-01-07T19:25:14","modified_gmt":"2017-01-07T21:25:14","slug":"o-irmao-de-sergio-cabral","status":"publish","type":"post","link":"https:\/\/blogs.correiobraziliense.com.br\/vicente\/o-irmao-de-sergio-cabral\/","title":{"rendered":"O irm\u00e3o de S\u00e9rgio Cabral"},"content":{"rendered":"<p>POR PAULA PIRES<\/p>\n<p>&nbsp;<\/p>\n<p>Morador do condom\u00ednio Resid\u00eancia Villa-Lobos, na Lagoa Rodrigo de Freitas, no Rio, Maur\u00edcio Cabral, irm\u00e3o do ex-governador do Rio de Janeiro S\u00e9rgio Cabral, voltou a dar as caras no pr\u00e9dio.<\/p>\n<p>&nbsp;<\/p>\n<p><b>Desafeto de vizinhos<\/b><\/p>\n<p>&nbsp;<\/p>\n<p>\u00bb Desde a pris\u00e3o do peemedebista, Maur\u00edcio estava sumido. Assim que S\u00e9rgio foi levado para Bangu, ele retirou os dois carros da garagem, um deles um Mitsubishi Outlander el\u00e9trico, que foi motivo de briga com os vizinhos, pois usava a rede de energia do condom\u00ednio e transferia a conta para todos os moradores.<\/p>\n<p>&nbsp;<\/p>\n<p><b>Mordomia mantida<\/b><\/p>\n<p>&nbsp;<\/p>\n<p>\u00bb No mesmo endere\u00e7o de Maur\u00edcio funciona uma empresa de nome Stalo, com capital social de R$ 10 mil. E mais: o irm\u00e3o do ex-governador tem como motorista um sargento do Corpo de Bombeiros do Rio.<\/p>\n<p>&nbsp;<\/p>\n<p><i>15h16min<\/i><\/p>\n","protected":false},"excerpt":{"rendered":"<p>POR PAULA PIRES &nbsp; Morador do condom\u00ednio Resid\u00eancia Villa-Lobos, na Lagoa Rodrigo de Freitas, no Rio, Maur\u00edcio Cabral, irm\u00e3o do ex-governador do Rio de Janeiro S\u00e9rgio Cabral, voltou a dar as caras no pr\u00e9dio. &nbsp; Desafeto de vizinhos &nbsp; \u00bb Desde a pris\u00e3o do peemedebista, Maur\u00edcio estava sumido. Assim que S\u00e9rgio foi levado para Bangu, [&hellip;]<\/p>\n","protected":false},"author":22,"featured_media":0,"comment_status":"open","ping_status":"closed","sticky":false,"template":"","format":"standard","meta":{"footnotes":""},"categories":[600],"tags":[1702,1699,1700,1701,351,1504],"class_list":["post-3938","post","type-post","status-publish","format-standard","hentry","category-economia","tag-briga-com-vizinhos","tag-irmao-do-ex-governador-do-rio-de-janeiro","tag-mauricio-cabral","tag-mordomias","tag-prisao","tag-sergio-cabral"],"_links":{"self":[{"href":"https:\/\/blogs.correiobraziliense.com.br\/vicente\/wp-json\/wp\/v2\/posts\/3938","targetHints":{"allow":["GET"]}}],"collection":[{"href":"https:\/\/blogs.correiobraziliense.com.br\/vicente\/wp-json\/wp\/v2\/posts"}],"about":[{"href":"https:\/\/blogs.correiobraziliense.com.br\/vicente\/wp-json\/wp\/v2\/types\/post"}],"author":[{"embeddable":true,"href":"https:\/\/blogs.correiobraziliense.com.br\/vicente\/wp-json\/wp\/v2\/users\/22"}],"replies":[{"embeddable":true,"href":"https:\/\/blogs.correiobraziliense.com.br\/vicente\/wp-json\/wp\/v2\/comments?post=3938"}],"version-history":[{"count":1,"href":"https:\/\/blogs.correiobraziliense.com.br\/vicente\/wp-json\/wp\/v2\/posts\/3938\/revisions"}],"predecessor-version":[{"id":3939,"href":"https:\/\/blogs.correiobraziliense.com.br\/vicente\/wp-json\/wp\/v2\/posts\/3938\/revisions\/3939"}],"wp:attachment":[{"href":"https:\/\/blogs.correiobraziliense.com.br\/vicente\/wp-json\/wp\/v2\/media?parent=3938"}],"wp:term":[{"taxonomy":"category","embeddable":true,"href":"https:\/\/blogs.correiobraziliense.com.br\/vicente\/wp-json\/wp\/v2\/categories?post=3938"},{"taxonomy":"post_tag","embeddable":true,"href":"https:\/\/blogs.correiobraziliense.com.br\/vicente\/wp-json\/wp\/v2\/tags?post=3938"}],"curies":[{"name":"wp","href":"https:\/\/api.w.org\/{rel}","templated":true}]}}