{"id":3918,"date":"2017-01-05T11:01:04","date_gmt":"2017-01-05T13:01:04","guid":{"rendered":"https:\/\/blogs.correiobraziliense.com.br\/vicente\/?p=3918"},"modified":"2017-01-05T11:21:26","modified_gmt":"2017-01-05T13:21:26","slug":"governo-acredita-que-odebrecht-nao-conseguira-sobreviver","status":"publish","type":"post","link":"https:\/\/blogs.correiobraziliense.com.br\/vicente\/governo-acredita-que-odebrecht-nao-conseguira-sobreviver\/","title":{"rendered":"Governo acredita que Odebrecht n\u00e3o conseguir\u00e1 sobreviver"},"content":{"rendered":"<p>\u00bb Gente gra\u00fada do governo acredita que a Odebrecht est\u00e1 com os dias contados. A tend\u00eancia \u00e9 de a maior parte dos neg\u00f3cios da empresa ser vendida. O que sobrar, depois da Lava-Jato, ficar\u00e1 sob o guarda-chuva de uma nova marca.<\/p>\n<p>&nbsp;<\/p>\n<p><strong>Gigante de p\u00e9s de barro<\/strong><\/p>\n<p>&nbsp;<\/p>\n<p>\u00bb \u201cA Odebrecht perdeu o respeito de todo o mundo. A empresa virou sin\u00f4nimo de corrup\u00e7\u00e3o. Ainda \u00e9 uma gigante, mas sob p\u00e9s de barro, que est\u00e3o se desmanchando\u201d, diz um ministro com grande tr\u00e2nsito no Pal\u00e1cio do Planalto.<\/p>\n<p>&nbsp;<\/p>\n<p><strong>Bras\u00edlia, 11h01min<\/strong><\/p>\n","protected":false},"excerpt":{"rendered":"<p>\u00bb Gente gra\u00fada do governo acredita que a Odebrecht est\u00e1 com os dias contados. A tend\u00eancia \u00e9 de a maior parte dos neg\u00f3cios da empresa ser vendida. O que sobrar, depois da Lava-Jato, ficar\u00e1 sob o guarda-chuva de uma nova marca. &nbsp; Gigante de p\u00e9s de barro &nbsp; \u00bb \u201cA Odebrecht perdeu o respeito de [&hellip;]<\/p>\n","protected":false},"author":22,"featured_media":0,"comment_status":"open","ping_status":"closed","sticky":false,"template":"","format":"standard","meta":{"footnotes":""},"categories":[600],"tags":[255,1375,467,41,1613],"class_list":["post-3918","post","type-post","status-publish","format-standard","hentry","category-economia","tag-corrupcao","tag-extincao","tag-governo","tag-lava-jato","tag-odebrecht"],"_links":{"self":[{"href":"https:\/\/blogs.correiobraziliense.com.br\/vicente\/wp-json\/wp\/v2\/posts\/3918","targetHints":{"allow":["GET"]}}],"collection":[{"href":"https:\/\/blogs.correiobraziliense.com.br\/vicente\/wp-json\/wp\/v2\/posts"}],"about":[{"href":"https:\/\/blogs.correiobraziliense.com.br\/vicente\/wp-json\/wp\/v2\/types\/post"}],"author":[{"embeddable":true,"href":"https:\/\/blogs.correiobraziliense.com.br\/vicente\/wp-json\/wp\/v2\/users\/22"}],"replies":[{"embeddable":true,"href":"https:\/\/blogs.correiobraziliense.com.br\/vicente\/wp-json\/wp\/v2\/comments?post=3918"}],"version-history":[{"count":1,"href":"https:\/\/blogs.correiobraziliense.com.br\/vicente\/wp-json\/wp\/v2\/posts\/3918\/revisions"}],"predecessor-version":[{"id":3919,"href":"https:\/\/blogs.correiobraziliense.com.br\/vicente\/wp-json\/wp\/v2\/posts\/3918\/revisions\/3919"}],"wp:attachment":[{"href":"https:\/\/blogs.correiobraziliense.com.br\/vicente\/wp-json\/wp\/v2\/media?parent=3918"}],"wp:term":[{"taxonomy":"category","embeddable":true,"href":"https:\/\/blogs.correiobraziliense.com.br\/vicente\/wp-json\/wp\/v2\/categories?post=3918"},{"taxonomy":"post_tag","embeddable":true,"href":"https:\/\/blogs.correiobraziliense.com.br\/vicente\/wp-json\/wp\/v2\/tags?post=3918"}],"curies":[{"name":"wp","href":"https:\/\/api.w.org\/{rel}","templated":true}]}}