{"id":3916,"date":"2017-01-05T06:05:07","date_gmt":"2017-01-05T08:05:07","guid":{"rendered":"https:\/\/blogs.correiobraziliense.com.br\/vicente\/?p=3916"},"modified":"2017-01-05T11:18:17","modified_gmt":"2017-01-05T13:18:17","slug":"michel-temer-esta-nas-maos-de-ilan-e-torce-por-reducao-maior-dos-juros","status":"publish","type":"post","link":"https:\/\/blogs.correiobraziliense.com.br\/vicente\/michel-temer-esta-nas-maos-de-ilan-e-torce-por-reducao-maior-dos-juros\/","title":{"rendered":"Nas m\u00e3os de Ilan"},"content":{"rendered":"<p>O presidente Michel Temer voltou do recesso de fim de ano convencido de que o Banco Central lhe entregar\u00e1 um present\u00e3o na pr\u00f3xima semana: um corte mais forte na taxa b\u00e1sica de juros (Selic). Ainda que trate sobre esse tema com muito cuidado e com pouqu\u00edssimos assessores, ele acredita que a diretoria do BC tomou coragem para avan\u00e7ar o passo na pol\u00edtica monet\u00e1ria, de forma a garantir um primeiro semestre de 2017 um pouco mais promissor do que t\u00eam apontado as estimativas. Para Temer, uma redu\u00e7\u00e3o de 0,75 ponto percentual na Selic, que est\u00e1 em 13,75% ao ano, ser\u00e1 mais do que providencial.<\/p>\n<p>&nbsp;<\/p>\n<p>No Pal\u00e1cio do Planalto, a vis\u00e3o \u00e9 de que tudo o que o Comit\u00ea de Pol\u00edtica Monet\u00e1ria (Copom) vinha ressaltando em seus documentos como essencial para uma baixa mais significativa dos juros se confirmou. A infla\u00e7\u00e3o corrente est\u00e1 em queda livre, as expetativas para o \u00cdndice de Pre\u00e7os ao Consumidor Amplo (IPCA) est\u00e3o praticamente ancoradas no centro da meta, de 4,5%, e o d\u00f3lar mostra fragilidade. N\u00e3o \u00e9 s\u00f3, ressalta um assessor de Temer. \u201cEstamos avan\u00e7ando muito nas reformas. O Brasil, por sinal, \u00e9 o \u00fanico dos grandes pa\u00edses que est\u00e1 caminhando em dire\u00e7\u00e3o a mudan\u00e7as estruturais neste momento\u201d, diz.<\/p>\n<p>&nbsp;<\/p>\n<p>A torcida do Planalto por juros mais baixos \u00e9 clara, mas cautelosa. \u201cN\u00e3o h\u00e1 por que colocar o BC em uma situa\u00e7\u00e3o desconfort\u00e1vel. Por mais ansiosos que estejamos para que a Selic caia r\u00e1pido a fim de ajudar o pa\u00eds a sair logo da recess\u00e3o, n\u00e3o podemos dar muni\u00e7\u00e3o para enfraquecer o presidente da institui\u00e7\u00e3o, Ilan Goldfajn\u201d, explica um ministro. \u201cSe ele errou ao adiar o processo de baixa dos juros, o tempo dir\u00e1. Mas, agora, n\u00e3o podemos estimular a tens\u00e3o pr\u00e9-Copom. \u00c9 um erro\u201d, emenda. O importante, acrescenta ele, \u00e9 que a Selic feche este ano em um d\u00edgito, abaixo de 10%. \u201cSer\u00e1 um feito.\u201d<\/p>\n<p>&nbsp;<\/p>\n<p><strong>Fora da caixinha<\/strong><\/p>\n<p>&nbsp;<\/p>\n<p>No mercado financeiro, 76% dos investidores apostam que o BC manter\u00e1 o conservadorismo e, no m\u00e1ximo, cortar\u00e1 a Selic em 0,5 ponto. Essa posi\u00e7\u00e3o \u00e9 baseada no hist\u00f3rico da atual diretoria da autoridade monet\u00e1ria. Em nenhum momento, desde que tomou posse, Ilan e companhia deram um passo que lembrasse ousadia. N\u00e3o ser\u00e1 agora, portanto, na vis\u00e3o desse grupo, que eles \u201cv\u00e3o sair da caixinha\u201d. Se isso acontecer, ser\u00e1 uma surpresa e tanto, que pode levar a uma reavalia\u00e7\u00e3o da pol\u00edtica de juros. \u201cEspa\u00e7o para uma redu\u00e7\u00e3o mais acentuada da Selic h\u00e1. S\u00f3 que, no meio do caminho, tem o conservadorismo de Ilan\u201d, ressalta um importante investidor, que anda decepcionado com o BC.<\/p>\n<p>&nbsp;<\/p>\n<p>Para o Planalto, \u00e9 natural que os investidores queiram juros elevados por um tempo mais longo. Por isso, v\u00e3o encontrar raz\u00f5es de sobra para convencer o BC de que o momento n\u00e3o comporta estripulias. \u201cTodos sabem, por\u00e9m, o quanto \u00e9 importante que os juros caiam logo. O pa\u00eds n\u00e3o aguenta mais a recess\u00e3o\u201d, afirma um t\u00e9cnico da equipe econ\u00f4mica. Ele ressalta que ningu\u00e9m espera uma revolu\u00e7\u00e3o na economia, um crescimento acelerado com a queda de 0,75 ponto da Selic. \u201cOs juros menores ter\u00e3o, agora, mais efeito psicol\u00f3gico do que pr\u00e1tico. Contudo, \u00e0 frente, dar\u00e3o um g\u00e1s importante \u00e0 atividade.\u201d<\/p>\n<p>&nbsp;<\/p>\n<p>O mesmo t\u00e9cnico ressalta: \u201cA queda mais r\u00e1pida dos juros far\u00e1 bem para todos. N\u00e3o custa lembrar que o pa\u00eds est\u00e1 quebrado, a Uni\u00e3o, de joelhos, e estados e munic\u00edpios, em grande maioria, falidos. Tamb\u00e9m empresas e fam\u00edlias sofrem com d\u00edvidas pesad\u00edssimas. Sendo assim, o BC deveria dar sua cota de contribui\u00e7\u00e3o\u201d. Resta saber at\u00e9 onde vai o entendimento da autoridade monet\u00e1ria em rela\u00e7\u00e3o \u00e0 real situa\u00e7\u00e3o da economia. Pelos \u00faltimos posicionamentos oficiais da institui\u00e7\u00e3o, o que se viu foi uma defasagem enorme no discurso. Mas sempre \u00e9 tempo de acertar o passo.<\/p>\n<p>&nbsp;<\/p>\n<p><em>Bras\u00edlia, 06h05min<\/em><\/p>\n","protected":false},"excerpt":{"rendered":"<p>O presidente Michel Temer voltou do recesso de fim de ano convencido de que o Banco Central lhe entregar\u00e1 um present\u00e3o na pr\u00f3xima semana: um corte mais forte na taxa b\u00e1sica de juros (Selic). Ainda que trate sobre esse tema com muito cuidado e com pouqu\u00edssimos assessores, ele acredita que a diretoria do BC tomou [&hellip;]<\/p>\n","protected":false},"author":22,"featured_media":0,"comment_status":"open","ping_status":"closed","sticky":false,"template":"","format":"standard","meta":{"footnotes":""},"categories":[600],"tags":[1680,3,1348,107,4,111,1322,34,1304],"class_list":["post-3916","post","type-post","status-publish","format-standard","hentry","category-economia","tag-75-ponto-percentual","tag-banco-central","tag-comite-de-politica-monetaria","tag-ilan-goldfajn","tag-juros","tag-michel-temer","tag-queda-de-0","tag-selic","tag-taxa-basica"],"_links":{"self":[{"href":"https:\/\/blogs.correiobraziliense.com.br\/vicente\/wp-json\/wp\/v2\/posts\/3916","targetHints":{"allow":["GET"]}}],"collection":[{"href":"https:\/\/blogs.correiobraziliense.com.br\/vicente\/wp-json\/wp\/v2\/posts"}],"about":[{"href":"https:\/\/blogs.correiobraziliense.com.br\/vicente\/wp-json\/wp\/v2\/types\/post"}],"author":[{"embeddable":true,"href":"https:\/\/blogs.correiobraziliense.com.br\/vicente\/wp-json\/wp\/v2\/users\/22"}],"replies":[{"embeddable":true,"href":"https:\/\/blogs.correiobraziliense.com.br\/vicente\/wp-json\/wp\/v2\/comments?post=3916"}],"version-history":[{"count":1,"href":"https:\/\/blogs.correiobraziliense.com.br\/vicente\/wp-json\/wp\/v2\/posts\/3916\/revisions"}],"predecessor-version":[{"id":3917,"href":"https:\/\/blogs.correiobraziliense.com.br\/vicente\/wp-json\/wp\/v2\/posts\/3916\/revisions\/3917"}],"wp:attachment":[{"href":"https:\/\/blogs.correiobraziliense.com.br\/vicente\/wp-json\/wp\/v2\/media?parent=3916"}],"wp:term":[{"taxonomy":"category","embeddable":true,"href":"https:\/\/blogs.correiobraziliense.com.br\/vicente\/wp-json\/wp\/v2\/categories?post=3916"},{"taxonomy":"post_tag","embeddable":true,"href":"https:\/\/blogs.correiobraziliense.com.br\/vicente\/wp-json\/wp\/v2\/tags?post=3916"}],"curies":[{"name":"wp","href":"https:\/\/api.w.org\/{rel}","templated":true}]}}