{"id":3909,"date":"2017-01-04T17:31:03","date_gmt":"2017-01-04T19:31:03","guid":{"rendered":"https:\/\/blogs.correiobraziliense.com.br\/vicente\/?p=3909"},"modified":"2017-01-04T20:12:30","modified_gmt":"2017-01-04T22:12:30","slug":"correios-querem-demissao-de-ate-8-mil-empregados","status":"publish","type":"post","link":"https:\/\/blogs.correiobraziliense.com.br\/vicente\/correios-querem-demissao-de-ate-8-mil-empregados\/","title":{"rendered":"Correios querem a demiss\u00e3o de at\u00e9 8 mil empregados"},"content":{"rendered":"<p>MARLLA SABINO<\/p>\n<p>&nbsp;<\/p>\n<p>Os Correios, que registraram preju\u00edzos de mais de R$ 4 bilh\u00f5es nos dois \u00faltimos anos, receberam sinaliza\u00e7\u00e3o\u00a0do Minist\u00e9rio do Planejamento para cortar at\u00e9 8 mil funcion\u00e1rios por meio de um Plano de Demiss\u00e3o Incentivada (PDI), que ser\u00e1 divulgado nos pr\u00f3ximos dias, provavelmente at\u00e9 16 de janeiro.<\/p>\n<p>&nbsp;<\/p>\n<p>A autoriza\u00e7\u00e3o, segundo t\u00e9cnicos do Planejamento, s\u00f3 depende de um estudo mostrando o impacto dos desligamentos no caixa do Postalis, o fundo de pens\u00e3o dos carteiros.<\/p>\n<p>&nbsp;<\/p>\n<p>Pelos c\u00e1lculos da empresa, 14 mil empregados estariam hoje aptos a se aposentarem. Eles t\u00eam mais de 55 anos e tempo suficiente de trabalho. Mas os Correios n\u00e3o acreditam que todos v\u00e3o aderir. No total, a estatal tem hoje 117 mil funcion\u00e1rios.<\/p>\n<p>&nbsp;<\/p>\n<p>A perspectiva \u00e9 de que os Correios ofere\u00e7am, como incentivo \u00e0 aposentadoria, remunera\u00e7\u00e3o por oito anos. O valor corresponder\u00e1 a 35% da m\u00e9dia salarial dos \u00faltimos cinco anos e do tempo de servi\u00e7o. A expectativa em rela\u00e7\u00e3o ao PDI \u00e9 grande, uma vez que a empresa enfrenta s\u00e9rias dificuldades de caixa.<\/p>\n<p>&nbsp;<\/p>\n<p>&nbsp;<\/p>\n<p>&nbsp;<\/p>\n<p>&nbsp;<\/p>\n","protected":false},"excerpt":{"rendered":"<p>MARLLA SABINO &nbsp; Os Correios, que registraram preju\u00edzos de mais de R$ 4 bilh\u00f5es nos dois \u00faltimos anos, receberam sinaliza\u00e7\u00e3o\u00a0do Minist\u00e9rio do Planejamento para cortar at\u00e9 8 mil funcion\u00e1rios por meio de um Plano de Demiss\u00e3o Incentivada (PDI), que ser\u00e1 divulgado nos pr\u00f3ximos dias, provavelmente at\u00e9 16 de janeiro. &nbsp; A autoriza\u00e7\u00e3o, segundo t\u00e9cnicos do [&hellip;]<\/p>\n","protected":false},"author":22,"featured_media":0,"comment_status":"open","ping_status":"closed","sticky":false,"template":"","format":"standard","meta":{"footnotes":""},"categories":[600],"tags":[1678,1679,1363,1676,1396,1677],"class_list":["post-3909","post","type-post","status-publish","format-standard","hentry","category-economia","tag-14-mil-empregados","tag-ate-8-mil-desligamentos","tag-correios","tag-demissao-voluntaria","tag-pdv","tag-situacao-dificil"],"_links":{"self":[{"href":"https:\/\/blogs.correiobraziliense.com.br\/vicente\/wp-json\/wp\/v2\/posts\/3909","targetHints":{"allow":["GET"]}}],"collection":[{"href":"https:\/\/blogs.correiobraziliense.com.br\/vicente\/wp-json\/wp\/v2\/posts"}],"about":[{"href":"https:\/\/blogs.correiobraziliense.com.br\/vicente\/wp-json\/wp\/v2\/types\/post"}],"author":[{"embeddable":true,"href":"https:\/\/blogs.correiobraziliense.com.br\/vicente\/wp-json\/wp\/v2\/users\/22"}],"replies":[{"embeddable":true,"href":"https:\/\/blogs.correiobraziliense.com.br\/vicente\/wp-json\/wp\/v2\/comments?post=3909"}],"version-history":[{"count":6,"href":"https:\/\/blogs.correiobraziliense.com.br\/vicente\/wp-json\/wp\/v2\/posts\/3909\/revisions"}],"predecessor-version":[{"id":3915,"href":"https:\/\/blogs.correiobraziliense.com.br\/vicente\/wp-json\/wp\/v2\/posts\/3909\/revisions\/3915"}],"wp:attachment":[{"href":"https:\/\/blogs.correiobraziliense.com.br\/vicente\/wp-json\/wp\/v2\/media?parent=3909"}],"wp:term":[{"taxonomy":"category","embeddable":true,"href":"https:\/\/blogs.correiobraziliense.com.br\/vicente\/wp-json\/wp\/v2\/categories?post=3909"},{"taxonomy":"post_tag","embeddable":true,"href":"https:\/\/blogs.correiobraziliense.com.br\/vicente\/wp-json\/wp\/v2\/tags?post=3909"}],"curies":[{"name":"wp","href":"https:\/\/api.w.org\/{rel}","templated":true}]}}