{"id":3901,"date":"2017-01-04T10:01:22","date_gmt":"2017-01-04T12:01:22","guid":{"rendered":"https:\/\/blogs.correiobraziliense.com.br\/vicente\/?p=3901"},"modified":"2017-01-04T15:16:05","modified_gmt":"2017-01-04T17:16:05","slug":"preco-da-gasolina-dispara-e-chega-r-393-o-litro-da-aditivada-esta-a-r-411","status":"publish","type":"post","link":"https:\/\/blogs.correiobraziliense.com.br\/vicente\/preco-da-gasolina-dispara-e-chega-r-393-o-litro-da-aditivada-esta-a-r-411\/","title":{"rendered":"Pre\u00e7o da gasolina dispara e chega a R$ 3,93. O litro da aditivada est\u00e1 a R$ 4,11"},"content":{"rendered":"<p>RENATO SOUZA<\/p>\n<p>&nbsp;<\/p>\n<p>Os pre\u00e7os dos combust\u00edveis abriram o ano em disparada. Sob a alega\u00e7\u00e3o de que houve reajustes nas\u00a0distribuidoras,\u00a0os postos pesaram a m\u00e3o e j\u00e1 est\u00e3o vendendo o litro da gasolina entre R$ 3,60 e R$ 3,93. H\u00e1 dois meses, era poss\u00edvel encontrar o derivado do petr\u00f3leo por R$ 3,23. Quem optar pela gasolina aditivada pagar\u00e1 at\u00e9 R$ 4,11.<\/p>\n<p>&nbsp;<\/p>\n<p>Al\u00e9m dos aumentos impostos pelas distribuidoras, os donos de postos est\u00e3o atribuindo a alta de pre\u00e7os ao reajuste do sal\u00e1rio m\u00ednimo, j\u00e1 que muitos funcion\u00e1rios t\u00eam os rendimentos atrelados ao piso salarial, e \u00e0 eleva\u00e7\u00e3o do etanol. Os consumidores est\u00e3o indignados.<\/p>\n<p>&nbsp;<\/p>\n<p><a href=\"https:\/\/blogs.correiobraziliense.com.br\/vicente\/wp-content\/uploads\/sites\/16\/2017\/01\/2017-01-04-PHOTO-00000043.jpg\" rel=\"attachment wp-att-3907\"><img loading=\"lazy\" decoding=\"async\" class=\"alignnone size-medium wp-image-3907\" src=\"https:\/\/blogs.correiobraziliense.com.br\/vicente\/wp-content\/uploads\/sites\/16\/2017\/01\/2017-01-04-PHOTO-00000043-300x225.jpg\" alt=\"2017-01-04-PHOTO-00000043\" width=\"300\" height=\"225\" srcset=\"https:\/\/blogs.correiobraziliense.com.br\/vicente\/wp-content\/uploads\/sites\/16\/2017\/01\/2017-01-04-PHOTO-00000043-300x225.jpg 300w, https:\/\/blogs.correiobraziliense.com.br\/vicente\/wp-content\/uploads\/sites\/16\/2017\/01\/2017-01-04-PHOTO-00000043-768x576.jpg 768w, https:\/\/blogs.correiobraziliense.com.br\/vicente\/wp-content\/uploads\/sites\/16\/2017\/01\/2017-01-04-PHOTO-00000043-1024x768.jpg 1024w, https:\/\/blogs.correiobraziliense.com.br\/vicente\/wp-content\/uploads\/sites\/16\/2017\/01\/2017-01-04-PHOTO-00000043-350x263.jpg 350w, https:\/\/blogs.correiobraziliense.com.br\/vicente\/wp-content\/uploads\/sites\/16\/2017\/01\/2017-01-04-PHOTO-00000043-550x413.jpg 550w, https:\/\/blogs.correiobraziliense.com.br\/vicente\/wp-content\/uploads\/sites\/16\/2017\/01\/2017-01-04-PHOTO-00000043-230x173.jpg 230w, https:\/\/blogs.correiobraziliense.com.br\/vicente\/wp-content\/uploads\/sites\/16\/2017\/01\/2017-01-04-PHOTO-00000043.jpg 1280w\" sizes=\"auto, (max-width: 300px) 100vw, 300px\" \/><\/a><\/p>\n<p>&nbsp;<\/p>\n<p>As bombas come\u00e7aram a ser reajustadas na \u00faltima segunda-feira, mas os aumentos se aceleraram de ontem para hoje. Muita gente que retornou ao trabalho depois das festas de fim de ano levou um susto.<\/p>\n<p>&nbsp;<\/p>\n<p>O pior \u00e9 que, segundo os donos de postos, os pre\u00e7os podem subir ainda mais nos pr\u00f3ximos dias j\u00e1 que a Petrobras sinalizou no reajustes nas refinarias, por causa da alta do petr\u00f3leo no exterior. De acordo com o presidente da estatal, Pedro Parente, n\u00e3o h\u00e1 mais congelamento de pre\u00e7os de combust\u00edveis no pa\u00eds. Eles variam conforme o mercado internacional.<\/p>\n<p>&nbsp;<\/p>\n<p>No Parano\u00e1, os moradores est\u00e3o convocando um protesto contra o abuso dos postos. A meta \u00e9 fazer um boicote.<\/p>\n<p>&nbsp;<\/p>\n<p><em>Bras\u00edlia, 10h01min, atualizada \u00e0s 13h30mim<\/em><\/p>\n","protected":false},"excerpt":{"rendered":"<p>RENATO SOUZA &nbsp; Os pre\u00e7os dos combust\u00edveis abriram o ano em disparada. Sob a alega\u00e7\u00e3o de que houve reajustes nas\u00a0distribuidoras,\u00a0os postos pesaram a m\u00e3o e j\u00e1 est\u00e3o vendendo o litro da gasolina entre R$ 3,60 e R$ 3,93. H\u00e1 dois meses, era poss\u00edvel encontrar o derivado do petr\u00f3leo por R$ 3,23. Quem optar pela gasolina [&hellip;]<\/p>\n","protected":false},"author":22,"featured_media":0,"comment_status":"open","ping_status":"closed","sticky":false,"template":"","format":"standard","meta":{"footnotes":""},"categories":[600],"tags":[998,755,228,1675],"class_list":["post-3901","post","type-post","status-publish","format-standard","hentry","category-economia","tag-combustiveis","tag-distrito-federal","tag-petrobras","tag-precos-da-gasolina"],"_links":{"self":[{"href":"https:\/\/blogs.correiobraziliense.com.br\/vicente\/wp-json\/wp\/v2\/posts\/3901","targetHints":{"allow":["GET"]}}],"collection":[{"href":"https:\/\/blogs.correiobraziliense.com.br\/vicente\/wp-json\/wp\/v2\/posts"}],"about":[{"href":"https:\/\/blogs.correiobraziliense.com.br\/vicente\/wp-json\/wp\/v2\/types\/post"}],"author":[{"embeddable":true,"href":"https:\/\/blogs.correiobraziliense.com.br\/vicente\/wp-json\/wp\/v2\/users\/22"}],"replies":[{"embeddable":true,"href":"https:\/\/blogs.correiobraziliense.com.br\/vicente\/wp-json\/wp\/v2\/comments?post=3901"}],"version-history":[{"count":5,"href":"https:\/\/blogs.correiobraziliense.com.br\/vicente\/wp-json\/wp\/v2\/posts\/3901\/revisions"}],"predecessor-version":[{"id":3908,"href":"https:\/\/blogs.correiobraziliense.com.br\/vicente\/wp-json\/wp\/v2\/posts\/3901\/revisions\/3908"}],"wp:attachment":[{"href":"https:\/\/blogs.correiobraziliense.com.br\/vicente\/wp-json\/wp\/v2\/media?parent=3901"}],"wp:term":[{"taxonomy":"category","embeddable":true,"href":"https:\/\/blogs.correiobraziliense.com.br\/vicente\/wp-json\/wp\/v2\/categories?post=3901"},{"taxonomy":"post_tag","embeddable":true,"href":"https:\/\/blogs.correiobraziliense.com.br\/vicente\/wp-json\/wp\/v2\/tags?post=3901"}],"curies":[{"name":"wp","href":"https:\/\/api.w.org\/{rel}","templated":true}]}}