{"id":3899,"date":"2017-01-04T13:11:43","date_gmt":"2017-01-04T15:11:43","guid":{"rendered":"https:\/\/blogs.correiobraziliense.com.br\/vicente\/?p=3899"},"modified":"2017-01-04T13:54:53","modified_gmt":"2017-01-04T15:54:53","slug":"fluxo-cambial-termina-o-2016-negativo-em-us-42-bilhoes","status":"publish","type":"post","link":"https:\/\/blogs.correiobraziliense.com.br\/vicente\/fluxo-cambial-termina-o-2016-negativo-em-us-42-bilhoes\/","title":{"rendered":"Fluxo cambial termina 2016 negativo em US$ 4,2 bilh\u00f5es"},"content":{"rendered":"<p>POR ANTONIO TEM\u00d3TEO<\/p>\n<p>&nbsp;<\/p>\n<p>O fluxo cambial terminou 2016 negativo em US$ 4,2 bilh\u00f5es, conforme dados divulgados pelo Banco Central (BC). Apesar da sa\u00edda l\u00edquida da divisa estrangeira, o d\u00f3lar fechou o ano passado com queda de 17,68%.<\/p>\n<p>&nbsp;<\/p>\n<p>No preg\u00e3o de hoje, o pre\u00e7o moeda norte-americana opera em queda acompanhando os mercados internacionais. Analistas apontam que o valor do d\u00f3lar est\u00e1 sendo influenciado diante da redu\u00e7\u00e3o dos juros dos t\u00edtulos p\u00fablicos dos Estados Unidos.<\/p>\n<p>&nbsp;<\/p>\n<p>Mas se engana quem pensa que 2017 o d\u00f3lar se manter\u00e1 nesse patamar. Com a posse de Donald Trump e as perspectivas de piora da crise pol\u00edtica no Brasil, o valor da moeda tende a aumentar nos pr\u00f3ximos meses.<\/p>\n<p>&nbsp;<\/p>\n<p>&nbsp;<\/p>\n","protected":false},"excerpt":{"rendered":"<p>POR ANTONIO TEM\u00d3TEO &nbsp; O fluxo cambial terminou 2016 negativo em US$ 4,2 bilh\u00f5es, conforme dados divulgados pelo Banco Central (BC). Apesar da sa\u00edda l\u00edquida da divisa estrangeira, o d\u00f3lar fechou o ano passado com queda de 17,68%. &nbsp; No preg\u00e3o de hoje, o pre\u00e7o moeda norte-americana opera em queda acompanhando os mercados internacionais. Analistas [&hellip;]<\/p>\n","protected":false},"author":22,"featured_media":0,"comment_status":"open","ping_status":"closed","sticky":false,"template":"","format":"standard","meta":{"footnotes":""},"categories":[600],"tags":[],"class_list":["post-3899","post","type-post","status-publish","format-standard","hentry","category-economia"],"_links":{"self":[{"href":"https:\/\/blogs.correiobraziliense.com.br\/vicente\/wp-json\/wp\/v2\/posts\/3899","targetHints":{"allow":["GET"]}}],"collection":[{"href":"https:\/\/blogs.correiobraziliense.com.br\/vicente\/wp-json\/wp\/v2\/posts"}],"about":[{"href":"https:\/\/blogs.correiobraziliense.com.br\/vicente\/wp-json\/wp\/v2\/types\/post"}],"author":[{"embeddable":true,"href":"https:\/\/blogs.correiobraziliense.com.br\/vicente\/wp-json\/wp\/v2\/users\/22"}],"replies":[{"embeddable":true,"href":"https:\/\/blogs.correiobraziliense.com.br\/vicente\/wp-json\/wp\/v2\/comments?post=3899"}],"version-history":[{"count":2,"href":"https:\/\/blogs.correiobraziliense.com.br\/vicente\/wp-json\/wp\/v2\/posts\/3899\/revisions"}],"predecessor-version":[{"id":3905,"href":"https:\/\/blogs.correiobraziliense.com.br\/vicente\/wp-json\/wp\/v2\/posts\/3899\/revisions\/3905"}],"wp:attachment":[{"href":"https:\/\/blogs.correiobraziliense.com.br\/vicente\/wp-json\/wp\/v2\/media?parent=3899"}],"wp:term":[{"taxonomy":"category","embeddable":true,"href":"https:\/\/blogs.correiobraziliense.com.br\/vicente\/wp-json\/wp\/v2\/categories?post=3899"},{"taxonomy":"post_tag","embeddable":true,"href":"https:\/\/blogs.correiobraziliense.com.br\/vicente\/wp-json\/wp\/v2\/tags?post=3899"}],"curies":[{"name":"wp","href":"https:\/\/api.w.org\/{rel}","templated":true}]}}