{"id":3894,"date":"2016-12-31T11:17:59","date_gmt":"2016-12-31T13:17:59","guid":{"rendered":"https:\/\/blogs.correiobraziliense.com.br\/vicente\/?p=3894"},"modified":"2016-12-31T11:19:02","modified_gmt":"2016-12-31T13:19:02","slug":"raul-francisco-moreira-presidira-alelo","status":"publish","type":"post","link":"https:\/\/blogs.correiobraziliense.com.br\/vicente\/raul-francisco-moreira-presidira-alelo\/","title":{"rendered":"Raul Francisco Moreira presidir\u00e1 a Alelo"},"content":{"rendered":"<p>POR ANTONIO TEM\u00d3TEO<\/p>\n<p>&nbsp;<\/p>\n<p>Raul Francisco Moreira, que at\u00e9 ontem ocupava a vice-presid\u00eancia de Neg\u00f3cios de Varejo do Banco do Brasil, ser\u00e1 presidente da Alelo. A companhia de cart\u00f5es benef\u00edcios \u00e9 uma empresa do BBB e do Bradesco.<\/p>\n<p>&nbsp;<\/p>\n","protected":false},"excerpt":{"rendered":"<p>POR ANTONIO TEM\u00d3TEO &nbsp; Raul Francisco Moreira, que at\u00e9 ontem ocupava a vice-presid\u00eancia de Neg\u00f3cios de Varejo do Banco do Brasil, ser\u00e1 presidente da Alelo. A companhia de cart\u00f5es benef\u00edcios \u00e9 uma empresa do BBB e do Bradesco. &nbsp;<\/p>\n","protected":false},"author":22,"featured_media":0,"comment_status":"open","ping_status":"closed","sticky":false,"template":"","format":"standard","meta":{"footnotes":""},"categories":[600],"tags":[1673,229,1674],"class_list":["post-3894","post","type-post","status-publish","format-standard","hentry","category-economia","tag-alelo","tag-banco-do-brasil","tag-raul-francisco-moreira"],"_links":{"self":[{"href":"https:\/\/blogs.correiobraziliense.com.br\/vicente\/wp-json\/wp\/v2\/posts\/3894","targetHints":{"allow":["GET"]}}],"collection":[{"href":"https:\/\/blogs.correiobraziliense.com.br\/vicente\/wp-json\/wp\/v2\/posts"}],"about":[{"href":"https:\/\/blogs.correiobraziliense.com.br\/vicente\/wp-json\/wp\/v2\/types\/post"}],"author":[{"embeddable":true,"href":"https:\/\/blogs.correiobraziliense.com.br\/vicente\/wp-json\/wp\/v2\/users\/22"}],"replies":[{"embeddable":true,"href":"https:\/\/blogs.correiobraziliense.com.br\/vicente\/wp-json\/wp\/v2\/comments?post=3894"}],"version-history":[{"count":2,"href":"https:\/\/blogs.correiobraziliense.com.br\/vicente\/wp-json\/wp\/v2\/posts\/3894\/revisions"}],"predecessor-version":[{"id":3897,"href":"https:\/\/blogs.correiobraziliense.com.br\/vicente\/wp-json\/wp\/v2\/posts\/3894\/revisions\/3897"}],"wp:attachment":[{"href":"https:\/\/blogs.correiobraziliense.com.br\/vicente\/wp-json\/wp\/v2\/media?parent=3894"}],"wp:term":[{"taxonomy":"category","embeddable":true,"href":"https:\/\/blogs.correiobraziliense.com.br\/vicente\/wp-json\/wp\/v2\/categories?post=3894"},{"taxonomy":"post_tag","embeddable":true,"href":"https:\/\/blogs.correiobraziliense.com.br\/vicente\/wp-json\/wp\/v2\/tags?post=3894"}],"curies":[{"name":"wp","href":"https:\/\/api.w.org\/{rel}","templated":true}]}}