{"id":3890,"date":"2016-12-31T11:03:56","date_gmt":"2016-12-31T13:03:56","guid":{"rendered":"https:\/\/blogs.correiobraziliense.com.br\/vicente\/?p=3890"},"modified":"2016-12-31T11:15:20","modified_gmt":"2016-12-31T13:15:20","slug":"bb-munda-vice-presidencias-e-premia-o-dem-com-uma-delas-mudancas-atingem-bb-seguridade-e-bb-dtvm","status":"publish","type":"post","link":"https:\/\/blogs.correiobraziliense.com.br\/vicente\/bb-munda-vice-presidencias-e-premia-o-dem-com-uma-delas-mudancas-atingem-bb-seguridade-e-bb-dtvm\/","title":{"rendered":"BB muda vice-presid\u00eancias e premia o DEM com uma delas. Mudan\u00e7as atingem BB Seguridade e BB DTVM"},"content":{"rendered":"<p>POR ANTONIO TEM\u00d3TEO<\/p>\n<p>&nbsp;<\/p>\n<p>A reestrutura\u00e7\u00e3o do Banco do Brasil, comandada pelo presidente Paulo Rog\u00e9rio Caffarelli, parece n\u00e3o ter fim. O Conselho de Administra\u00e7\u00e3o da institui\u00e7\u00e3o financeira aprovou ontem mudan\u00e7as em quatro vice-presid\u00eancias para cumprir mandatos at\u00e9 2019. Al\u00e9m disso, os presidentes da BB Seguridade e da BB DTVM foram substitu\u00eddos.<\/p>\n<p>&nbsp;<\/p>\n<p>A vice-presid\u00eancia de Neg\u00f3cios de Varejo (VINEG) ser\u00e1 comandada por Marcelo Augusto Dutra Labuto, funcion\u00e1rio de carreira do BB e que presidia a BB Seguridade.\u00a0A vice-presid\u00eancia de Controles Internos e Gest\u00e3o de Riscos (VICRI) ser\u00e1 ocupada por M\u00e1rcio Hamilton Ferreira, que, desde 2015, era presidente da BB DTVM.<\/p>\n<p>&nbsp;<\/p>\n<p class=\"p1\">Na vice-presid\u00eancia de Gest\u00e3o Financeira e Rela\u00e7\u00f5es com Investidores (VIFIN), o titular ser\u00e1 Alberto Monteiro de Queiroz Netto. \u00a0O executivo trabalhou no banco por 26 anos e presidiu a\u00a0BB DTVM at\u00e9 2009.<\/p>\n<p class=\"p1\">\n<p class=\"p1\">Para a vice-presid\u00eancia de Governo, quem assume \u00e9 o advogado e professor universit\u00e1rio, Jos\u00e9 Eduardo Pereira Filho. Ele \u00e9 filiado ao DEM do Piau\u00ed desde janeiro de 1994, conforme registros do Tribunal Superior Eleitoral. Al\u00e9m disso, advogou para caciques pol\u00edticos do estado, como Her\u00e1clito Fortes, hoje no PSB.<\/p>\n<p class=\"p1\">\n<p class=\"p1\">O Conselho de Administra\u00e7\u00e3o tamb\u00e9m aprovou o remanejamento de Walter Malieni J\u00fanior , que estava na VICRI, \u00a0para a vice-presid\u00eancia de Distribui\u00e7\u00e3o de Varejo e Gest\u00e3o de Pessoas (VIVAP).\u00a0A BB Seguridade ser\u00e1 comandada por Jos\u00e9 Maur\u00edcio Pereira Coelho, que estava na VIFIN. E Paulo Roberto Lopes Ricci, da VIVAP, ser\u00e1 o novo presidente da BB DTVM.<\/p>\n<p class=\"p1\">\n<p class=\"p1\"><i>Bras\u00edlia, 11h03min<\/i><\/p>\n","protected":false},"excerpt":{"rendered":"<p>POR ANTONIO TEM\u00d3TEO &nbsp; A reestrutura\u00e7\u00e3o do Banco do Brasil, comandada pelo presidente Paulo Rog\u00e9rio Caffarelli, parece n\u00e3o ter fim. O Conselho de Administra\u00e7\u00e3o da institui\u00e7\u00e3o financeira aprovou ontem mudan\u00e7as em quatro vice-presid\u00eancias para cumprir mandatos at\u00e9 2019. Al\u00e9m disso, os presidentes da BB Seguridade e da BB DTVM foram substitu\u00eddos. &nbsp; A vice-presid\u00eancia de [&hellip;]<\/p>\n","protected":false},"author":22,"featured_media":0,"comment_status":"open","ping_status":"closed","sticky":false,"template":"","format":"standard","meta":{"footnotes":""},"categories":[600],"tags":[229,1373,1672,1671,1669,1670,1091],"class_list":["post-3890","post","type-post","status-publish","format-standard","hentry","category-economia","tag-banco-do-brasil","tag-bb","tag-bb-dtvm","tag-bb-seguradidade","tag-conselho-de-administracao","tag-vice-presidencias","tag-vice-presidentes"],"_links":{"self":[{"href":"https:\/\/blogs.correiobraziliense.com.br\/vicente\/wp-json\/wp\/v2\/posts\/3890","targetHints":{"allow":["GET"]}}],"collection":[{"href":"https:\/\/blogs.correiobraziliense.com.br\/vicente\/wp-json\/wp\/v2\/posts"}],"about":[{"href":"https:\/\/blogs.correiobraziliense.com.br\/vicente\/wp-json\/wp\/v2\/types\/post"}],"author":[{"embeddable":true,"href":"https:\/\/blogs.correiobraziliense.com.br\/vicente\/wp-json\/wp\/v2\/users\/22"}],"replies":[{"embeddable":true,"href":"https:\/\/blogs.correiobraziliense.com.br\/vicente\/wp-json\/wp\/v2\/comments?post=3890"}],"version-history":[{"count":4,"href":"https:\/\/blogs.correiobraziliense.com.br\/vicente\/wp-json\/wp\/v2\/posts\/3890\/revisions"}],"predecessor-version":[{"id":3895,"href":"https:\/\/blogs.correiobraziliense.com.br\/vicente\/wp-json\/wp\/v2\/posts\/3890\/revisions\/3895"}],"wp:attachment":[{"href":"https:\/\/blogs.correiobraziliense.com.br\/vicente\/wp-json\/wp\/v2\/media?parent=3890"}],"wp:term":[{"taxonomy":"category","embeddable":true,"href":"https:\/\/blogs.correiobraziliense.com.br\/vicente\/wp-json\/wp\/v2\/categories?post=3890"},{"taxonomy":"post_tag","embeddable":true,"href":"https:\/\/blogs.correiobraziliense.com.br\/vicente\/wp-json\/wp\/v2\/tags?post=3890"}],"curies":[{"name":"wp","href":"https:\/\/api.w.org\/{rel}","templated":true}]}}