{"id":3881,"date":"2016-12-27T11:01:47","date_gmt":"2016-12-27T13:01:47","guid":{"rendered":"https:\/\/blogs.correiobraziliense.com.br\/vicente\/?p=3881"},"modified":"2016-12-27T12:33:23","modified_gmt":"2016-12-27T14:33:23","slug":"bb-e-caixa-nao-vao-forcar-a-queda-dos-juros","status":"publish","type":"post","link":"https:\/\/blogs.correiobraziliense.com.br\/vicente\/bb-e-caixa-nao-vao-forcar-a-queda-dos-juros\/","title":{"rendered":"&#8220;BB e Caixa n\u00e3o v\u00e3o for\u00e7ar a queda dos juros&#8221;, diz Caffarelli"},"content":{"rendered":"<p>POR ANTONIO TEM\u00d3TEO<\/p>\n<p>&nbsp;<\/p>\n<p>O Banco do Brasil (BB) estima que a economia brasileira crescer\u00e1 0,7% em 2017. Mesmo essa t\u00edmida recupera\u00e7\u00e3o do Produto Interno Bruto (PIB) ser\u00e1 suficiente para que a carteira de cr\u00e9dito da institui\u00e7\u00e3o financeira, que acumula queda de 6,9% at\u00e9 o terceiro trimestre de 2016, volte a crescer.<\/p>\n<p>&nbsp;<\/p>\n<p>Para o presidente do BB, Paulo Rog\u00e9rio Caffarelli, as linhas para empresas, para o agroneg\u00f3cio, o cr\u00e9dito consignado e o imobili\u00e1rio ser\u00e3o as principais modalidades de financiamento que puxar\u00e3o a retomada.<\/p>\n<p>&nbsp;<\/p>\n<p>Apesar de acreditar em uma recupera\u00e7\u00e3o do mercado de cr\u00e9dito, ele garante que nem o BB nem a Caixa Econ\u00f4mica Federal devem liderar o processo de queda de juros \u00a0com a continua\u00e7\u00e3o do ciclo de flexibiliza\u00e7\u00e3o da pol\u00edtica monet\u00e1ria, iniciada pelo Banco Central (BC). &#8220;No passado, essa a\u00e7\u00e3o se mostrou ineficiente e n\u00e3o foi frut\u00edfera. N\u00e3o h\u00e1 press\u00e3o do governo para redu\u00e7\u00e3o dos juros&#8221;, diz.<\/p>\n<p>&nbsp;<\/p>\n<p>No entender dele, a queda de juros ocorrer\u00e1 de maneira sustent\u00e1vel, sem uma determina\u00e7\u00e3o do governo, pois h\u00e1 uma pr\u00e9-disposi\u00e7\u00e3o das institui\u00e7\u00f5es financeiras p\u00fablicas e privadas de reduzirem as taxas cobradas, na medida em que BC cortar a Selic.<\/p>\n<p>&nbsp;<\/p>\n<p>Ele ainda destaca que o BB pretende melhorar os spreads, reduzindo os custos de capta\u00e7\u00e3o para melhorar as margens. &#8220;Faremos isso sem aumentar a taxa final para o consumidor&#8221;, comenta.<\/p>\n<p>&nbsp;<\/p>\n<p>&nbsp;<\/p>\n<p>&nbsp;<\/p>\n<p>&nbsp;<\/p>\n","protected":false},"excerpt":{"rendered":"<p>POR ANTONIO TEM\u00d3TEO &nbsp; O Banco do Brasil (BB) estima que a economia brasileira crescer\u00e1 0,7% em 2017. Mesmo essa t\u00edmida recupera\u00e7\u00e3o do Produto Interno Bruto (PIB) ser\u00e1 suficiente para que a carteira de cr\u00e9dito da institui\u00e7\u00e3o financeira, que acumula queda de 6,9% at\u00e9 o terceiro trimestre de 2016, volte a crescer. &nbsp; Para o [&hellip;]<\/p>\n","protected":false},"author":22,"featured_media":0,"comment_status":"open","ping_status":"closed","sticky":false,"template":"","format":"standard","meta":{"footnotes":""},"categories":[600],"tags":[1663,229,115,1090,1157],"class_list":["post-3881","post","type-post","status-publish","format-standard","hentry","category-economia","tag-acao-do-governo","tag-banco-do-brasil","tag-caixa-economica-federal","tag-paulo-rogerio-caffarelli","tag-taxa-de-juros"],"_links":{"self":[{"href":"https:\/\/blogs.correiobraziliense.com.br\/vicente\/wp-json\/wp\/v2\/posts\/3881","targetHints":{"allow":["GET"]}}],"collection":[{"href":"https:\/\/blogs.correiobraziliense.com.br\/vicente\/wp-json\/wp\/v2\/posts"}],"about":[{"href":"https:\/\/blogs.correiobraziliense.com.br\/vicente\/wp-json\/wp\/v2\/types\/post"}],"author":[{"embeddable":true,"href":"https:\/\/blogs.correiobraziliense.com.br\/vicente\/wp-json\/wp\/v2\/users\/22"}],"replies":[{"embeddable":true,"href":"https:\/\/blogs.correiobraziliense.com.br\/vicente\/wp-json\/wp\/v2\/comments?post=3881"}],"version-history":[{"count":3,"href":"https:\/\/blogs.correiobraziliense.com.br\/vicente\/wp-json\/wp\/v2\/posts\/3881\/revisions"}],"predecessor-version":[{"id":3885,"href":"https:\/\/blogs.correiobraziliense.com.br\/vicente\/wp-json\/wp\/v2\/posts\/3881\/revisions\/3885"}],"wp:attachment":[{"href":"https:\/\/blogs.correiobraziliense.com.br\/vicente\/wp-json\/wp\/v2\/media?parent=3881"}],"wp:term":[{"taxonomy":"category","embeddable":true,"href":"https:\/\/blogs.correiobraziliense.com.br\/vicente\/wp-json\/wp\/v2\/categories?post=3881"},{"taxonomy":"post_tag","embeddable":true,"href":"https:\/\/blogs.correiobraziliense.com.br\/vicente\/wp-json\/wp\/v2\/tags?post=3881"}],"curies":[{"name":"wp","href":"https:\/\/api.w.org\/{rel}","templated":true}]}}