{"id":3852,"date":"2016-12-21T14:58:42","date_gmt":"2016-12-21T16:58:42","guid":{"rendered":"https:\/\/blogs.correiobraziliense.com.br\/vicente\/?p=3852"},"modified":"2016-12-21T17:49:46","modified_gmt":"2016-12-21T19:49:46","slug":"programa-de-sustentacao-do-emprego-sera-permanente-mas-tera-gatilho-para-periodos-de-crise","status":"publish","type":"post","link":"https:\/\/blogs.correiobraziliense.com.br\/vicente\/programa-de-sustentacao-do-emprego-sera-permanente-mas-tera-gatilho-para-periodos-de-crise\/","title":{"rendered":"Programa de Seguro-Emprego ser\u00e1 permanente, mas ter\u00e1 gatilho para per\u00edodos de crise"},"content":{"rendered":"<p>POR ANTONIO TEM\u00d3TEO<\/p>\n<p>&nbsp;<\/p>\n<p>O Programa de Seguro-Emprego (PSE) que o governo prorrogar\u00e1 amanh\u00e3, por meio de Medida Provis\u00f3ria (MP), ser\u00e1 permanente. Mas para ado\u00e7ar a boca do ministro da Fazenda, Henrique Meirelles, ter\u00e1 um gatilho. S\u00f3 ser\u00e1 acionado em per\u00edodos de crise econ\u00f4mica.<\/p>\n<p>&nbsp;<\/p>\n<p>A MP ser\u00e1 publicada amanh\u00e3 dentro do pacote do governo para tentar reduzir o desemprego. At\u00e9 ontem, havia uma disputa ferrenha nos bastidores entre Meirelles e o ministro do Trabalho, Ronaldo Nogueira.<\/p>\n<p>&nbsp;<\/p>\n<p>O ministro da Fazenda defendia a prorroga\u00e7\u00e3o do PSE por um ou, no m\u00e1ximo, dois anos. J\u00e1 Nogueira queria um programa permanente. Ao arbitrar a disputa, Temer tornou o programa permanente, mas introduziu o gatilho anticrise.<\/p>\n<p>&nbsp;<\/p>\n<p>O PSE \u00e9 uma nova roupagem dada pelo governo Temer ao Programa de Prote\u00e7\u00e3o ao Emprego (PPE), lan\u00e7ado na gest\u00e3o de Dilma Rousseff e que s\u00f3 favoreceu a ind\u00fastria automobil\u00edstica. O presidente garante que o PSE ser\u00e1 extensivo a todos os setores da economia.<\/p>\n","protected":false},"excerpt":{"rendered":"<p>POR ANTONIO TEM\u00d3TEO &nbsp; O Programa de Seguro-Emprego (PSE) que o governo prorrogar\u00e1 amanh\u00e3, por meio de Medida Provis\u00f3ria (MP), ser\u00e1 permanente. Mas para ado\u00e7ar a boca do ministro da Fazenda, Henrique Meirelles, ter\u00e1 um gatilho. S\u00f3 ser\u00e1 acionado em per\u00edodos de crise econ\u00f4mica. &nbsp; A MP ser\u00e1 publicada amanh\u00e3 dentro do pacote do governo [&hellip;]<\/p>\n","protected":false},"author":22,"featured_media":0,"comment_status":"open","ping_status":"closed","sticky":false,"template":"","format":"standard","meta":{"footnotes":""},"categories":[600],"tags":[71,21,111,1650,1651,1649,981],"class_list":["post-3852","post","type-post","status-publish","format-standard","hentry","category-economia","tag-desemprego","tag-henrique-meirelles","tag-michel-temer","tag-ppe","tag-programa-de-sustentacao-do-emprego","tag-pse","tag-ronaldo-nogueira"],"_links":{"self":[{"href":"https:\/\/blogs.correiobraziliense.com.br\/vicente\/wp-json\/wp\/v2\/posts\/3852","targetHints":{"allow":["GET"]}}],"collection":[{"href":"https:\/\/blogs.correiobraziliense.com.br\/vicente\/wp-json\/wp\/v2\/posts"}],"about":[{"href":"https:\/\/blogs.correiobraziliense.com.br\/vicente\/wp-json\/wp\/v2\/types\/post"}],"author":[{"embeddable":true,"href":"https:\/\/blogs.correiobraziliense.com.br\/vicente\/wp-json\/wp\/v2\/users\/22"}],"replies":[{"embeddable":true,"href":"https:\/\/blogs.correiobraziliense.com.br\/vicente\/wp-json\/wp\/v2\/comments?post=3852"}],"version-history":[{"count":2,"href":"https:\/\/blogs.correiobraziliense.com.br\/vicente\/wp-json\/wp\/v2\/posts\/3852\/revisions"}],"predecessor-version":[{"id":3858,"href":"https:\/\/blogs.correiobraziliense.com.br\/vicente\/wp-json\/wp\/v2\/posts\/3852\/revisions\/3858"}],"wp:attachment":[{"href":"https:\/\/blogs.correiobraziliense.com.br\/vicente\/wp-json\/wp\/v2\/media?parent=3852"}],"wp:term":[{"taxonomy":"category","embeddable":true,"href":"https:\/\/blogs.correiobraziliense.com.br\/vicente\/wp-json\/wp\/v2\/categories?post=3852"},{"taxonomy":"post_tag","embeddable":true,"href":"https:\/\/blogs.correiobraziliense.com.br\/vicente\/wp-json\/wp\/v2\/tags?post=3852"}],"curies":[{"name":"wp","href":"https:\/\/api.w.org\/{rel}","templated":true}]}}