{"id":3844,"date":"2016-12-21T12:44:05","date_gmt":"2016-12-21T14:44:05","guid":{"rendered":"https:\/\/blogs.correiobraziliense.com.br\/vicente\/?p=3844"},"modified":"2016-12-21T12:44:05","modified_gmt":"2016-12-21T14:44:05","slug":"reforma-da-previdencia-e-prioridade-do-governo-afirma-meirelles","status":"publish","type":"post","link":"https:\/\/blogs.correiobraziliense.com.br\/vicente\/reforma-da-previdencia-e-prioridade-do-governo-afirma-meirelles\/","title":{"rendered":"Reforma da Previd\u00eancia \u00e9 prioridade do governo, afirma Meirelles"},"content":{"rendered":"<p class=\"p1\">POR ANTONIO TEM\u00d3TEO<\/p>\n<p class=\"p1\">\n<p class=\"p1\">Ap\u00f3s a divulga\u00e7\u00e3o de um pacote de medidas microecon\u00f4micas pelo governo e de uma agenda de mudan\u00e7as nas normas do Banco Central (BC), o ministro da Fazenda, Henrique Meirelles, afirma que a prioridade do Executivo \u00e9 aprovar a reforma da Previd\u00eancia. &#8220;A prioriza\u00e7\u00e3o \u00e9 fundamental em qualquer atividade, inclusive na atividade legislativa, n\u00e3o h\u00e1 d\u00favida. A prioridade n\u00famero um certamente \u00e9 a reforma da Previd\u00eancia&#8221;, diz.<\/p>\n<p class=\"p1\">\n<p class=\"p1\">Ele explica que ap\u00f3s a aprova\u00e7\u00e3o da emenda constitucional que cria um teto para crescimento dos gastos p\u00fablicos, a reforma das regras para concess\u00e3o de benef\u00edcios \u00e9 fundamental para garantir que o limite imposto seja sustent\u00e1vel a longo prazo. &#8220;Isso \u00e9 importante para garantir a popula\u00e7\u00e3o que receber\u00e3o as aposentadorias. Com isso estabelecemos as condi\u00e7\u00f5es de fundamento para<span class=\"Apple-converted-space\">\u00a0 <\/span>a economia. E por outro lado, o BC trabalha com sucesso no controle da infla\u00e7\u00e3o&#8221;, comenta.<\/p>\n<p class=\"p1\">\n<p class=\"p1\">O chefe da equipe econ\u00f4mica detalha que com a infla\u00e7\u00e3o cadente, a taxa de juros estrutural da economia cair\u00e1. E com a parte fiscal equilibrada, diminuindo riscos, o pa\u00eds ter\u00e1 condi\u00e7\u00f5es de crescer consistentemente. &#8220;A partir dai a pr\u00f3xima quest\u00e3o \u00e9 qual a capacidade de o Brasil voltar a crescer. Ai entram as reformas microeconomias. Isso \u00e9 efici\u00eancia, produtividade&#8221;, destaca.<\/p>\n","protected":false},"excerpt":{"rendered":"<p>POR ANTONIO TEM\u00d3TEO Ap\u00f3s a divulga\u00e7\u00e3o de um pacote de medidas microecon\u00f4micas pelo governo e de uma agenda de mudan\u00e7as nas normas do Banco Central (BC), o ministro da Fazenda, Henrique Meirelles, afirma que a prioridade do Executivo \u00e9 aprovar a reforma da Previd\u00eancia. &#8220;A prioriza\u00e7\u00e3o \u00e9 fundamental em qualquer atividade, inclusive na atividade legislativa, [&hellip;]<\/p>\n","protected":false},"author":22,"featured_media":0,"comment_status":"open","ping_status":"closed","sticky":false,"template":"","format":"standard","meta":{"footnotes":""},"categories":[600],"tags":[21,19,1646,933],"class_list":["post-3844","post","type-post","status-publish","format-standard","hentry","category-economia","tag-henrique-meirelles","tag-ministerio-da-fazenda","tag-prioridade","tag-reforma-da-previdencia"],"_links":{"self":[{"href":"https:\/\/blogs.correiobraziliense.com.br\/vicente\/wp-json\/wp\/v2\/posts\/3844","targetHints":{"allow":["GET"]}}],"collection":[{"href":"https:\/\/blogs.correiobraziliense.com.br\/vicente\/wp-json\/wp\/v2\/posts"}],"about":[{"href":"https:\/\/blogs.correiobraziliense.com.br\/vicente\/wp-json\/wp\/v2\/types\/post"}],"author":[{"embeddable":true,"href":"https:\/\/blogs.correiobraziliense.com.br\/vicente\/wp-json\/wp\/v2\/users\/22"}],"replies":[{"embeddable":true,"href":"https:\/\/blogs.correiobraziliense.com.br\/vicente\/wp-json\/wp\/v2\/comments?post=3844"}],"version-history":[{"count":1,"href":"https:\/\/blogs.correiobraziliense.com.br\/vicente\/wp-json\/wp\/v2\/posts\/3844\/revisions"}],"predecessor-version":[{"id":3845,"href":"https:\/\/blogs.correiobraziliense.com.br\/vicente\/wp-json\/wp\/v2\/posts\/3844\/revisions\/3845"}],"wp:attachment":[{"href":"https:\/\/blogs.correiobraziliense.com.br\/vicente\/wp-json\/wp\/v2\/media?parent=3844"}],"wp:term":[{"taxonomy":"category","embeddable":true,"href":"https:\/\/blogs.correiobraziliense.com.br\/vicente\/wp-json\/wp\/v2\/categories?post=3844"},{"taxonomy":"post_tag","embeddable":true,"href":"https:\/\/blogs.correiobraziliense.com.br\/vicente\/wp-json\/wp\/v2\/tags?post=3844"}],"curies":[{"name":"wp","href":"https:\/\/api.w.org\/{rel}","templated":true}]}}