{"id":3828,"date":"2016-12-20T13:08:44","date_gmt":"2016-12-20T15:08:44","guid":{"rendered":"https:\/\/blogs.correiobraziliense.com.br\/vicente\/?p=3828"},"modified":"2016-12-20T13:09:39","modified_gmt":"2016-12-20T15:09:39","slug":"bc-lanca-protocolo-de-intencoes-que-pode-naufragar-diante-da-crise-politica","status":"publish","type":"post","link":"https:\/\/blogs.correiobraziliense.com.br\/vicente\/bc-lanca-protocolo-de-intencoes-que-pode-naufragar-diante-da-crise-politica\/","title":{"rendered":"BC lan\u00e7a protocolo de inten\u00e7\u00f5es que pode naufragar diante da crise pol\u00edtica"},"content":{"rendered":"<p class=\"p1\">POR ANTONIO TEM\u00d3TEO<\/p>\n<p class=\"p1\">Em meio a decis\u00e3o do governo de lan\u00e7ar um pacote de est\u00edmulos \u00e0 economia para tentar estancar a sangria decorrente da crise pol\u00edtica, o presidente do Banco Central (BC) lan\u00e7ou nesta manh\u00e3 um protocolo de inten\u00e7\u00f5es que ele classificou como agenda de medidas estruturantes. As medidas, de curto, m\u00e9dio e longo prazo, ter\u00e3o foco na cidadania financeira, no aperfei\u00e7oamento da legisla\u00e7\u00e3o, em tornar o cr\u00e9dito mais barato e em deixar o sistema financeiro mais eficiente.<\/p>\n<p class=\"p1\">Entretanto, boa parte das medidas depende de aprova\u00e7\u00e3o de leis e medidas provis\u00f3rias no Congresso Nacional. Em meio ao avan\u00e7o da dela\u00e7\u00e3o da Odebrecht na Opera\u00e7\u00e3o Lava-Jato, o risco de que o Legislativo fique parcializado cresce semanalmente. Al\u00e9m disso, essa agenda ter\u00e1 de concorrer com a tramita\u00e7\u00e3o das reformas da Previd\u00eancia e e trabalhista, consideradas prioridades para o Executivo reequilibrar as contas p\u00fablicas, reduzir custos para empres\u00e1rios e tornar a economia mais eficiente.<\/p>\n<p class=\"p1\">Ilan detalhou que quer aumentar o n\u00edvel de educa\u00e7\u00e3o financeira da popula\u00e7\u00e3o e para isso contar\u00e1 com a ajuda de parceiros, como o Sebrae e cooperativas de cr\u00e9dito. Al\u00e9m disso, quer criar um aplicativo para que a popula\u00e7\u00e3o possa registrar e acompanhar suas demandas, reclama\u00e7\u00f5es e sugest\u00f5es pelo celular. O presidente ainda quer, em parceria com o Conselho Nacional de Justi\u00e7a (CNJ), tornar comum a media\u00e7\u00e3o para resolver conflitos entre clientes e institui\u00e7\u00f5es financeiras.<\/p>\n<p class=\"p1\">Para aperfei\u00e7oar a legisla\u00e7\u00e3o, ele quer revisar o modelo de relacionamento do BC com o Tesouro Nacional e criar uma conta de reserva. Quando o BC tiver lucro, esses recursos ficam nessa reversa. N\u00e3o ser\u00e3o distribu\u00eddos para o Tesouro, como ocorre hoje. O dinheiro poder\u00e1 ser usado, por exemplo para cobrir preju\u00edzos, sem a necessidade de aporte do governo. Goldfajn tamb\u00e9m quer unificar a formas de pagamento. A autoridade monet\u00e1ria recebe hoje t\u00edtulos do Tesouro e faz pagamentos em dinheiro. A id\u00e9ia \u00e9 unificar esses desembolsos em moeda.<\/p>\n<p class=\"p1\">A autoridade monet\u00e1ria ainda quer criar o dep\u00f3sito remunerado no BC, como alternativa aos compuls\u00f3rios. Para Goldfajn, a medida seria mais um instrumento a disposi\u00e7\u00e3o e n\u00e3o seria criado para influenciar o crescimento da d\u00edvida bruta. Em outra frente, o presidente da autarquia quer mudar as leis para punir institui\u00e7\u00f5es financeiras e revisar normas atuais. Conforme ele, uma multa de R$ 250 mil n\u00e3o \u00e9 suficiente para penalizar um banco.<\/p>\n<p class=\"p1\">O presidente do BC tamb\u00e9m quer instituir a possibilidade de assinatura de Termos de Compromisso e acordos de leni\u00eancia, al\u00e9m de aprimorar a legisla\u00e7\u00e3o de liquida\u00e7\u00f5es extrajudiciais. Para reduzir as taxas de juros, ele quer simplificar as regras de compuls\u00f3rio, estimular o uso do cadastro positivo, regulamentar a Letra Imobili\u00e1ria de Garantida (LIG) e reavaliar o impacto do cr\u00e9dito direcionado, por meio de um estudo que far\u00e1 em parceria com o Banco Mundial.<\/p>\n","protected":false},"excerpt":{"rendered":"<p>POR ANTONIO TEM\u00d3TEO Em meio a decis\u00e3o do governo de lan\u00e7ar um pacote de est\u00edmulos \u00e0 economia para tentar estancar a sangria decorrente da crise pol\u00edtica, o presidente do Banco Central (BC) lan\u00e7ou nesta manh\u00e3 um protocolo de inten\u00e7\u00f5es que ele classificou como agenda de medidas estruturantes. As medidas, de curto, m\u00e9dio e longo prazo, [&hellip;]<\/p>\n","protected":false},"author":22,"featured_media":0,"comment_status":"open","ping_status":"closed","sticky":false,"template":"","format":"standard","meta":{"footnotes":""},"categories":[600],"tags":[1635,106,1638,1640,1636,1641,1634,1633,1639,1637],"class_list":["post-3828","post","type-post","status-publish","format-standard","hentry","category-economia","tag-agenda-de-medidas-estruturantes","tag-bc","tag-cnj","tag-deposito-remunerado","tag-lig","tag-mediacao","tag-medidas","tag-protocolo-de-intencoes","tag-sebrae","tag-tesouro"],"_links":{"self":[{"href":"https:\/\/blogs.correiobraziliense.com.br\/vicente\/wp-json\/wp\/v2\/posts\/3828","targetHints":{"allow":["GET"]}}],"collection":[{"href":"https:\/\/blogs.correiobraziliense.com.br\/vicente\/wp-json\/wp\/v2\/posts"}],"about":[{"href":"https:\/\/blogs.correiobraziliense.com.br\/vicente\/wp-json\/wp\/v2\/types\/post"}],"author":[{"embeddable":true,"href":"https:\/\/blogs.correiobraziliense.com.br\/vicente\/wp-json\/wp\/v2\/users\/22"}],"replies":[{"embeddable":true,"href":"https:\/\/blogs.correiobraziliense.com.br\/vicente\/wp-json\/wp\/v2\/comments?post=3828"}],"version-history":[{"count":2,"href":"https:\/\/blogs.correiobraziliense.com.br\/vicente\/wp-json\/wp\/v2\/posts\/3828\/revisions"}],"predecessor-version":[{"id":3830,"href":"https:\/\/blogs.correiobraziliense.com.br\/vicente\/wp-json\/wp\/v2\/posts\/3828\/revisions\/3830"}],"wp:attachment":[{"href":"https:\/\/blogs.correiobraziliense.com.br\/vicente\/wp-json\/wp\/v2\/media?parent=3828"}],"wp:term":[{"taxonomy":"category","embeddable":true,"href":"https:\/\/blogs.correiobraziliense.com.br\/vicente\/wp-json\/wp\/v2\/categories?post=3828"},{"taxonomy":"post_tag","embeddable":true,"href":"https:\/\/blogs.correiobraziliense.com.br\/vicente\/wp-json\/wp\/v2\/tags?post=3828"}],"curies":[{"name":"wp","href":"https:\/\/api.w.org\/{rel}","templated":true}]}}