{"id":3795,"date":"2016-12-10T15:24:27","date_gmt":"2016-12-10T17:24:27","guid":{"rendered":"https:\/\/blogs.correiobraziliense.com.br\/vicente\/?p=3795"},"modified":"2016-12-10T16:27:17","modified_gmt":"2016-12-10T18:27:17","slug":"servidores-ja-se-armam-contra-reforma-da-previdencia-e-podem-convocar-greve-geral","status":"publish","type":"post","link":"https:\/\/blogs.correiobraziliense.com.br\/vicente\/servidores-ja-se-armam-contra-reforma-da-previdencia-e-podem-convocar-greve-geral\/","title":{"rendered":"Servidores j\u00e1 se armam contra a reforma da Previd\u00eancia e podem convocar greve geral"},"content":{"rendered":"<p>POR VERA BATISTA<\/p>\n<p>&nbsp;<\/p>\n<p>L\u00edderes de entidades representativas de servidores p\u00fablicos prometem reagir duramente \u00e0 reforma da Previd\u00eancia encaminhada pelo governo ao Congresso. Caso o Planalto n\u00e3o recue e n\u00e3o negocie altera\u00e7\u00f5es nas regras propostas para aposentadorias e pens\u00f5es, eles amea\u00e7am at\u00e9 mesmo a convocar uma greve geral envolvendo funcion\u00e1rios dos Tr\u00eas Poderes e das tr\u00eas esferas de governo.<\/p>\n<p>&nbsp;<\/p>\n<p>As lideran\u00e7as s\u00e3o contra alguns pontos centrais da proposta, como a fixa\u00e7\u00e3o da idade m\u00ednima de 65 anos para requerer a aposentadoria e a equipara\u00e7\u00e3o de regras para homens e mulheres. Tamb\u00e9m condenam os prazos exigidos de contribui\u00e7\u00e3o, que v\u00e3o de um m\u00ednimo de 25 anos para ter direito ao benef\u00edcio, a 49 anos, para poder receber aposentadoria integral.<\/p>\n<p>&nbsp;<\/p>\n<p>Rudinei Marques, presidente do F\u00f3rum Nacional Permanente das Carreiras T\u00edpicas de Estado (Fonacate), disse que os servidores receberam a proposta com \u201cum misto de revolta e indigna\u00e7\u00e3o\u201d. De acordo com ele, o topo do funcionalismo n\u00e3o era contra ajustes na Previd\u00eancia. \u201cMas o pacote caiu mal porque \u00e9 irreal e veio sem di\u00e1logo. Foi constru\u00eddo de maneira autorit\u00e1ria. A reforma \u00e9 desumana e desonesta. O governo distorceu n\u00fameros para mostrar um deficit que n\u00e3o existe e justificar o aumento da idade. Jogou a conta para a popula\u00e7\u00e3o, sem mexer com as elites\u201d, afirmou.<\/p>\n<p>&nbsp;<\/p>\n<p>O Fonacate vai se reunir na pr\u00f3xima ter\u00e7a-feira para avaliar o texto da proposta encaminha ao Legislativo. \u201cVamos preparar emendas ao projeto e definir formas de rea\u00e7\u00e3o. Convocaremos as centrais sindicais. Estamos nos planejando para entrar 2017 com greve geral\u201d, anunciou Marques. \u201cA cada reforma, a situa\u00e7\u00e3o piora e o rombo nas contas p\u00fablicas nunca \u00e9 coberto\u201d, afirmou S\u00e9rgio Ronaldo da Silva, secret\u00e1rio-geral da Confedera\u00e7\u00e3o Nacional dos Trabalhadores no Servi\u00e7o P\u00fablico Federal (Condsef, que representa 80% do funcionalismo). Ele lembrou que, nos \u00faltimos 20 anos, houve quatro reformas (PECs 19, 21, 41 e 47). \u201cTodas, sem exce\u00e7\u00e3o, prejudicaram os servidores\u201d, avaliou.<\/p>\n<p>&nbsp;<\/p>\n<p>Segundo o secret\u00e1rio-geral da Condsef, o governo desagradou a todos. \u201cVamos organizar trincheiras para resistir ao desmonte da Previd\u00eancia. Esse ataque ter\u00e1 uma rea\u00e7\u00e3o unificada dos servidores estaduais, municipais e federais.\u201d S\u00e9rgio Ronaldo e Rudinei Marques afirmaram que a PEC da Previd\u00eancia dificilmente ser\u00e1 aprovada nos termos em que est\u00e1 redigida. Diversas carreiras do servi\u00e7o p\u00fablico far\u00e3o assembleias na pr\u00f3xima semana para definir os protestos.<\/p>\n<p>&nbsp;<\/p>\n<p><strong>Centrais<\/strong><\/p>\n<p>&nbsp;<\/p>\n<p>As centrais sindicais tamb\u00e9m se organizam. A For\u00e7a Sindical programou atos para em janeiro, fevereiro e mar\u00e7o de 2017. As primeiras manifesta\u00e7\u00f5es ser\u00e3o de aposentados, em 24 de janeiro, em v\u00e1rios estados. No dia 25, deve ocorrer um grande ato na Pra\u00e7a da S\u00e9, em S\u00e3o Paulo. Nas primeiras semanas de fevereiro, haver\u00e1 manifesta\u00e7\u00f5es nas capitais contra a PEC. O presidente da For\u00e7a Sindical, o deputado Paulo Pereira da Silva (SD-SP), o Paulinho da For\u00e7a, afirmou que vai apresentar emenda estabelecendo idade m\u00ednima de 60 anos para homens e 58 para mulheres e um regime de transi\u00e7\u00e3o justo para todos. A For\u00e7a tamb\u00e9m quer uma previd\u00eancia universal, sem privil\u00e9gios.<\/p>\n","protected":false},"excerpt":{"rendered":"<p>POR VERA BATISTA &nbsp; L\u00edderes de entidades representativas de servidores p\u00fablicos prometem reagir duramente \u00e0 reforma da Previd\u00eancia encaminhada pelo governo ao Congresso. Caso o Planalto n\u00e3o recue e n\u00e3o negocie altera\u00e7\u00f5es nas regras propostas para aposentadorias e pens\u00f5es, eles amea\u00e7am at\u00e9 mesmo a convocar uma greve geral envolvendo funcion\u00e1rios dos Tr\u00eas Poderes e das [&hellip;]<\/p>\n","protected":false},"author":22,"featured_media":0,"comment_status":"open","ping_status":"closed","sticky":false,"template":"","format":"standard","meta":{"footnotes":""},"categories":[600],"tags":[932,1618,353,933,398],"class_list":["post-3795","post","type-post","status-publish","format-standard","hentry","category-economia","tag-centrais-sindicais","tag-greve-geral","tag-paralisacao","tag-reforma-da-previdencia","tag-servidores-publicos"],"_links":{"self":[{"href":"https:\/\/blogs.correiobraziliense.com.br\/vicente\/wp-json\/wp\/v2\/posts\/3795","targetHints":{"allow":["GET"]}}],"collection":[{"href":"https:\/\/blogs.correiobraziliense.com.br\/vicente\/wp-json\/wp\/v2\/posts"}],"about":[{"href":"https:\/\/blogs.correiobraziliense.com.br\/vicente\/wp-json\/wp\/v2\/types\/post"}],"author":[{"embeddable":true,"href":"https:\/\/blogs.correiobraziliense.com.br\/vicente\/wp-json\/wp\/v2\/users\/22"}],"replies":[{"embeddable":true,"href":"https:\/\/blogs.correiobraziliense.com.br\/vicente\/wp-json\/wp\/v2\/comments?post=3795"}],"version-history":[{"count":1,"href":"https:\/\/blogs.correiobraziliense.com.br\/vicente\/wp-json\/wp\/v2\/posts\/3795\/revisions"}],"predecessor-version":[{"id":3796,"href":"https:\/\/blogs.correiobraziliense.com.br\/vicente\/wp-json\/wp\/v2\/posts\/3795\/revisions\/3796"}],"wp:attachment":[{"href":"https:\/\/blogs.correiobraziliense.com.br\/vicente\/wp-json\/wp\/v2\/media?parent=3795"}],"wp:term":[{"taxonomy":"category","embeddable":true,"href":"https:\/\/blogs.correiobraziliense.com.br\/vicente\/wp-json\/wp\/v2\/categories?post=3795"},{"taxonomy":"post_tag","embeddable":true,"href":"https:\/\/blogs.correiobraziliense.com.br\/vicente\/wp-json\/wp\/v2\/tags?post=3795"}],"curies":[{"name":"wp","href":"https:\/\/api.w.org\/{rel}","templated":true}]}}