{"id":3776,"date":"2016-12-09T13:31:24","date_gmt":"2016-12-09T15:31:24","guid":{"rendered":"https:\/\/blogs.correiobraziliense.com.br\/vicente\/?p=3776"},"modified":"2016-12-09T15:46:54","modified_gmt":"2016-12-09T17:46:54","slug":"inflacao-em-queda-da-municao-de-sobra-para-planalto-pressionar-bc-por-corte-de-juros","status":"publish","type":"post","link":"https:\/\/blogs.correiobraziliense.com.br\/vicente\/inflacao-em-queda-da-municao-de-sobra-para-planalto-pressionar-bc-por-corte-de-juros\/","title":{"rendered":"Infla\u00e7\u00e3o em queda d\u00e1 muni\u00e7\u00e3o de sobra para Planalto pressionar BC por corte de juros"},"content":{"rendered":"<p>Assessores muito pr\u00f3ximos do presidente Michel Temer dizem que n\u00e3o haver\u00e1 mais escapat\u00f3ria para o Banco Central. Com a infla\u00e7\u00e3o de novembro, de apenas 0,18%, s\u00f3 restar\u00e1 uma sa\u00edda ao presidente do Banco Central, Ilan Goldfajn: acelerar o corte da taxa b\u00e1sica de juros (Selic).<\/p>\n<p>&nbsp;<\/p>\n<p>Para um dos assessores de Temer, n\u00e3o h\u00e1 hip\u00f3tese de o BC cortar os juros em menos do que 0,5 ponto percentual, dos atuais 13,75% para 13,25% ao ano. &#8220;Esse processo de redu\u00e7\u00e3o da Selic est\u00e1 atrasado demais. A economia est\u00e1 indo para o buraco. Precisamos dar um g\u00e1s novo&#8221;, diz.<\/p>\n<p>&nbsp;<\/p>\n<p>Ilan j\u00e1 sinalizou que est\u00e1 pronto para atender os pleitos do Planalto e do empresariado. Mas faz quest\u00e3o de ressaltar que tudo ser\u00e1 decidido de forma t\u00e9cnica. As condi\u00e7\u00f5es para o corte mais r\u00e1pido dos juros, acrescenta ele, est\u00e3o colocadas.<\/p>\n<p>&nbsp;<\/p>\n","protected":false},"excerpt":{"rendered":"<p>Assessores muito pr\u00f3ximos do presidente Michel Temer dizem que n\u00e3o haver\u00e1 mais escapat\u00f3ria para o Banco Central. Com a infla\u00e7\u00e3o de novembro, de apenas 0,18%, s\u00f3 restar\u00e1 uma sa\u00edda ao presidente do Banco Central, Ilan Goldfajn: acelerar o corte da taxa b\u00e1sica de juros (Selic). &nbsp; Para um dos assessores de Temer, n\u00e3o h\u00e1 hip\u00f3tese [&hellip;]<\/p>\n","protected":false},"author":22,"featured_media":0,"comment_status":"open","ping_status":"closed","sticky":false,"template":"","format":"standard","meta":{"footnotes":""},"categories":[600],"tags":[1321,107,14,4,111,1600],"class_list":["post-3776","post","type-post","status-publish","format-standard","hentry","category-economia","tag-corte-da-selic","tag-ilan-goldfajn","tag-inflacao","tag-juros","tag-michel-temer","tag-pressao-do-planalto"],"_links":{"self":[{"href":"https:\/\/blogs.correiobraziliense.com.br\/vicente\/wp-json\/wp\/v2\/posts\/3776","targetHints":{"allow":["GET"]}}],"collection":[{"href":"https:\/\/blogs.correiobraziliense.com.br\/vicente\/wp-json\/wp\/v2\/posts"}],"about":[{"href":"https:\/\/blogs.correiobraziliense.com.br\/vicente\/wp-json\/wp\/v2\/types\/post"}],"author":[{"embeddable":true,"href":"https:\/\/blogs.correiobraziliense.com.br\/vicente\/wp-json\/wp\/v2\/users\/22"}],"replies":[{"embeddable":true,"href":"https:\/\/blogs.correiobraziliense.com.br\/vicente\/wp-json\/wp\/v2\/comments?post=3776"}],"version-history":[{"count":1,"href":"https:\/\/blogs.correiobraziliense.com.br\/vicente\/wp-json\/wp\/v2\/posts\/3776\/revisions"}],"predecessor-version":[{"id":3777,"href":"https:\/\/blogs.correiobraziliense.com.br\/vicente\/wp-json\/wp\/v2\/posts\/3776\/revisions\/3777"}],"wp:attachment":[{"href":"https:\/\/blogs.correiobraziliense.com.br\/vicente\/wp-json\/wp\/v2\/media?parent=3776"}],"wp:term":[{"taxonomy":"category","embeddable":true,"href":"https:\/\/blogs.correiobraziliense.com.br\/vicente\/wp-json\/wp\/v2\/categories?post=3776"},{"taxonomy":"post_tag","embeddable":true,"href":"https:\/\/blogs.correiobraziliense.com.br\/vicente\/wp-json\/wp\/v2\/tags?post=3776"}],"curies":[{"name":"wp","href":"https:\/\/api.w.org\/{rel}","templated":true}]}}