{"id":3766,"date":"2016-12-08T09:30:30","date_gmt":"2016-12-08T11:30:30","guid":{"rendered":"https:\/\/blogs.correiobraziliense.com.br\/vicente\/?p=3766"},"modified":"2016-12-08T18:58:21","modified_gmt":"2016-12-08T20:58:21","slug":"meirelles-e-ilan-acertam-hoje-pacote-para-reanimar-economia","status":"publish","type":"post","link":"https:\/\/blogs.correiobraziliense.com.br\/vicente\/meirelles-e-ilan-acertam-hoje-pacote-para-reanimar-economia\/","title":{"rendered":"Meirelles e Ilan acertam hoje pacote para reanimar a economia"},"content":{"rendered":"<p>Por determina\u00e7\u00e3o do presidente Michel Temer, o ministro da Fazenda, Henrique Meirelles, e o presidente do Banco Central, Ilan Goldfajn, acertam hoje um pacote de medidas para tentar reanimar a economia.<\/p>\n<p>&nbsp;<\/p>\n<p>\u00c9 uma forma que o governo encontrou para amenizar a press\u00e3o de empres\u00e1rios sobre a equipe econ\u00f4mica e, sobretudo, para se contrapor ao descontentamento das ruas diante do apoio do Planalto a Renan Calheiros, que venceu a queda de bra\u00e7o com o Supremo Tribunal Federal (STF) e se manteve na presid\u00eancia do Senado.<\/p>\n<p>&nbsp;<\/p>\n<p>O pacote de medidas de incentivos \u00e0 economia n\u00e3o ser\u00e1 ambicioso, mas o governo acredita que j\u00e1 ser\u00e1 um fato positivo. A ideia \u00e9 dar est\u00edmulos ao setor produtivo, liberar mais cr\u00e9dito \u00e0s micro e pequenas empresas e facilitar a renegocia\u00e7\u00e3o de d\u00edvidas das grandes companhias.<\/p>\n<p>&nbsp;<\/p>\n<p>Os empres\u00e1rios querem que o Banco Central libere dep\u00f3sitos compuls\u00f3rios para tal finalidade, como revelou Temer ao <strong>Blog<\/strong> no \u00faltimo domingo.<\/p>\n<p>&nbsp;<\/p>\n<p>O problema \u00e9 que o presidente do BC \u00e9 contra essa medida. Ele diz que o sistema financeiro est\u00e1 bastante l\u00edquido, ou seja, tem dinheiro de sobra para emprestar. &#8220;Temos que pensar se medidas como essa t\u00eam utilidade&#8221;, afirma.<\/p>\n<p>&nbsp;<\/p>\n<p>O mais importante para a retomada, destaca Ilan, \u00e9 a queda da infla\u00e7\u00e3o, que permitir\u00e1 a redu\u00e7\u00e3o mais r\u00e1pida da taxa b\u00e1sica de juros (Selic). A expectativa \u00e9 de que o BC corte mais 0,5 ponto percentual da (Selic) em janeiro.<\/p>\n<p>&nbsp;<\/p>\n<p>Meirelles, no entanto, tentar\u00e1 chegar a uma meio termo com Ilan. A meta \u00e9 atender aos apelos do Planalto por medidas positivas, que reduzam a ansiedade dos empres\u00e1rios, sem, ao mesmo tempo, comprometer a credibilidade da pol\u00edtica econ\u00f4mica. Para Temer, \u00e9 preciso ver a ansiedade do setor produtivo como natural.<\/p>\n<p>&nbsp;<\/p>\n<p><em>Bras\u00edlia, 09h30min<\/em><\/p>\n","protected":false},"excerpt":{"rendered":"<p>Por determina\u00e7\u00e3o do presidente Michel Temer, o ministro da Fazenda, Henrique Meirelles, e o presidente do Banco Central, Ilan Goldfajn, acertam hoje um pacote de medidas para tentar reanimar a economia. &nbsp; \u00c9 uma forma que o governo encontrou para amenizar a press\u00e3o de empres\u00e1rios sobre a equipe econ\u00f4mica e, sobretudo, para se contrapor ao [&hellip;]<\/p>\n","protected":false},"author":22,"featured_media":0,"comment_status":"open","ping_status":"closed","sticky":false,"template":"","format":"standard","meta":{"footnotes":""},"categories":[600],"tags":[1597,1598,21,107,111,1596],"class_list":["post-3766","post","type-post","status-publish","format-standard","hentry","category-economia","tag-depositos-compulsorios","tag-estimulo-ao-credito","tag-henrique-meirelles","tag-ilan-goldfajn","tag-michel-temer","tag-pacote-economico"],"_links":{"self":[{"href":"https:\/\/blogs.correiobraziliense.com.br\/vicente\/wp-json\/wp\/v2\/posts\/3766","targetHints":{"allow":["GET"]}}],"collection":[{"href":"https:\/\/blogs.correiobraziliense.com.br\/vicente\/wp-json\/wp\/v2\/posts"}],"about":[{"href":"https:\/\/blogs.correiobraziliense.com.br\/vicente\/wp-json\/wp\/v2\/types\/post"}],"author":[{"embeddable":true,"href":"https:\/\/blogs.correiobraziliense.com.br\/vicente\/wp-json\/wp\/v2\/users\/22"}],"replies":[{"embeddable":true,"href":"https:\/\/blogs.correiobraziliense.com.br\/vicente\/wp-json\/wp\/v2\/comments?post=3766"}],"version-history":[{"count":4,"href":"https:\/\/blogs.correiobraziliense.com.br\/vicente\/wp-json\/wp\/v2\/posts\/3766\/revisions"}],"predecessor-version":[{"id":3774,"href":"https:\/\/blogs.correiobraziliense.com.br\/vicente\/wp-json\/wp\/v2\/posts\/3766\/revisions\/3774"}],"wp:attachment":[{"href":"https:\/\/blogs.correiobraziliense.com.br\/vicente\/wp-json\/wp\/v2\/media?parent=3766"}],"wp:term":[{"taxonomy":"category","embeddable":true,"href":"https:\/\/blogs.correiobraziliense.com.br\/vicente\/wp-json\/wp\/v2\/categories?post=3766"},{"taxonomy":"post_tag","embeddable":true,"href":"https:\/\/blogs.correiobraziliense.com.br\/vicente\/wp-json\/wp\/v2\/tags?post=3766"}],"curies":[{"name":"wp","href":"https:\/\/api.w.org\/{rel}","templated":true}]}}