{"id":3764,"date":"2016-12-08T06:18:17","date_gmt":"2016-12-08T08:18:17","guid":{"rendered":"https:\/\/blogs.correiobraziliense.com.br\/vicente\/?p=3764"},"modified":"2016-12-08T08:23:21","modified_gmt":"2016-12-08T10:23:21","slug":"ao-apoiar-renan-temer-tera-que-prestar-contas-as-ruas","status":"publish","type":"post","link":"https:\/\/blogs.correiobraziliense.com.br\/vicente\/ao-apoiar-renan-temer-tera-que-prestar-contas-as-ruas\/","title":{"rendered":"Ao apoiar Renan, Temer ter\u00e1 que prestar contas \u00e0s ruas"},"content":{"rendered":"<p>A comemora\u00e7\u00e3o foi grande, no Pal\u00e1cio do Planalto, diante da decis\u00e3o do Supremo Tribunal Federal (STF) de manter Renan Calheiros na presid\u00eancia do Senado, mas interlocutores do presidente Michel Temer reconhecem que a vit\u00f3ria do parlamentar dever\u00e1 custar muito caro. Ao contrariar a voz das ruas, o STF pode, indiretamente, insuflar as manifesta\u00e7\u00f5es que tanto atormentam o governo e transferir para o Executivo a responsabilidade pelos seis votos que garantiram ao pol\u00edtico alagoano permanecer no comando do Congresso.<\/p>\n<p>&nbsp;<\/p>\n<p>Do ponto de vista econ\u00f4mico, Temer alega a aliados que o Supremo manteve a sensatez. Tirar Renan da presid\u00eancia do Senado, agora, traria custos enormes ao pa\u00eds. H\u00e1 um projeto considerado fundamental para o ajuste fiscal e a reconstru\u00e7\u00e3o da credibilidade das contas p\u00fablicas \u2014 a Proposta de Emenda \u00e0 Constitui\u00e7\u00e3o (PEC) que limita o aumento de gastos \u00e0 infla\u00e7\u00e3o do ano anterior \u2014 que est\u00e1 prestes a ser votado pelos senadores. O adiamento da aprecia\u00e7\u00e3o do tema pelo plen\u00e1rio alimentaria uma onda de desconfian\u00e7a, minando de vez a chance de retomada da atividade.<\/p>\n<p>&nbsp;<\/p>\n<p>Para o Planalto, o momento exige pragmatismo. Renan tem apenas mais dois meses na presid\u00eancia do Senado. Criar uma como\u00e7\u00e3o no Legislativo por causa de um poss\u00edvel afastamento antecipado prejudicaria o andamento de quest\u00f5es extremamente relevantes para a economia e para o pa\u00eds. Na avalia\u00e7\u00e3o de um assessor de Temer, a maior resposta que se pode dar a Renan \u00e9 n\u00e3o eleg\u00ea-lo mais. Isso cabe aos eleitores de Alagoas, que, sistematicamente, v\u00eam renovando o mandato do parlamentar que responde a 13 processos na Justi\u00e7a.<\/p>\n<p>&nbsp;<\/p>\n<p><b>Tens\u00e3o latente<\/b><\/p>\n<p>&nbsp;<\/p>\n<p>O governo reconhece que a tens\u00e3o n\u00e3o diminuir\u00e1. H\u00e1 muitas explica\u00e7\u00f5es a serem dadas \u00e0 popula\u00e7\u00e3o, que vem cobrando, nas ruas, o combate \u00e0 corrup\u00e7\u00e3o e a pol\u00edticos que transgridem as leis. A pergunta que mais se ouviu ontem, depois da decis\u00e3o do STF, foi como uma pessoa pode presidir um dos poderes do pa\u00eds, mas n\u00e3o integrar a linha de sucess\u00e3o da Presid\u00eancia da Rep\u00fablica. Isso significa que o Legislativo \u00e9 um poder menor e pode ser comandado por pessoas acusadas de corrup\u00e7\u00e3o, lavagem de dinheiro e peculato?<\/p>\n<p>&nbsp;<\/p>\n<p>Esse tipo de questionamento \u00e9 nitroglicerina pura. Alimenta o descontentamento das massas. Tanto que, no Pal\u00e1cio, j\u00e1 s\u00e3o previstos protestos cada vez maiores nas ruas. N\u00e3o h\u00e1 nenhum contraponto a se oferecer \u00e0 popula\u00e7\u00e3o. A economia continua atolada na recess\u00e3o, o desemprego n\u00e3o para de crescer e a renda est\u00e1 em queda.<\/p>\n<p>&nbsp;<\/p>\n<p>\u201cNesse ambiente, ser\u00e1 dif\u00edcil controlar o descontentamento popular. N\u00e3o podemos esquecer que estamos propondo duas medidas muito duras, a PEC dos gastos e a reforma da Previd\u00eancia. O que o governo menos precisava era o embate entre o Senado e o STF. Azedou tudo\u201d, ressalta um t\u00e9cnico da equipe econ\u00f4mica, que passou boa parte do dia de ontem tentando convencer os investidores do quanto vale a pena acreditar no Brasil.<\/p>\n<p>&nbsp;<\/p>\n<p>Diante de tanto desgaste, o que realmente importa para o governo \u00e9 aprovar, em 13 de dezembro, a PEC que limita os gastos p\u00fablicos. \u201cDepois, veremos o que vem pela frente\u201d, frisa um assessor palaciano. Para ele, o governo precisa dar uma demonstra\u00e7\u00e3o de for\u00e7a em meio ao mais grave momento enfrentado por Temer, que perdeu um dos ministros mais pr\u00f3ximos e n\u00e3o conseguiu entregar a retomada da economia, como prometeu a equipe econ\u00f4mica logo depois de a atual administra\u00e7\u00e3o ser empossada. \u201cN\u00e3o h\u00e1 espa\u00e7o para derrotas neste momento\u201d, acrescenta.<\/p>\n<p>&nbsp;<\/p>\n<p><b>Ato de coragem<\/b><\/p>\n<p>&nbsp;<\/p>\n<p>Nos mercados, muitos investidores viram a vit\u00f3ria de Renan no Supremo como um trof\u00e9u para Temer. Sabe-se que o presidente agiu pessoalmente para evitar a sa\u00edda do aliado da presid\u00eancia do Senado. Com isso, a aposta \u00e9 de que a base aliada responder\u00e1 com todos os votos necess\u00e1rios para aprovar o ajuste. \u201cHouve uma uni\u00e3o t\u00e3o forte entre os maiores partidos para salvar a pele de Renan, que n\u00e3o h\u00e1 como pensar em uma derrota na vota\u00e7\u00e3o final da PEC dos gastos\u201d, destaca um ministro com bom tr\u00e2nsito no Planalto. \u201cHoje, s\u00e3o de 90% as chances de liquidar a fatura no dia 13\u201d, emenda.<\/p>\n<p>&nbsp;<\/p>\n<p>Nos 10% de probabilidade de o governo se frustrar est\u00e3o as incertezas naturais da pol\u00edtica e a possibilidade de novas pris\u00f5es no \u00e2mbito da Lava-Jato. As raposas pol\u00edticas, por\u00e9m, pedem muita cautela. Atualmente, est\u00e1 se vivendo tr\u00eas, quatro dias num mesmo dia. \u201cDar como certa alguma coisa nos tempos atuais \u00e9 um ato de coragem\u201d, afirma um dos caciques do PMDB. \u201cO governo precisa se preparar \u2014 e muito \u2014 para enfrentar a rea\u00e7\u00e3o das ruas. N\u00e3o haver\u00e1 apenas uma gritaria contra o STF. Todos sabem que o Planalto teve papel decisivo para salvar a pele de Renan\u201d, conclui.<\/p>\n<p>&nbsp;<\/p>\n<p>O ideal seria que, nesse clima t\u00e3o conturbado, o presidente do Senado tivesse a honradez de se afastar do cargo por vontade pr\u00f3pria. Mas n\u00e3o h\u00e1 como esperar isso dele. Renan acredita que saiu fortalecido da disputa que travou com o ministro do STF Marco Aur\u00e9lio Mello. Para a popula\u00e7\u00e3o, ele est\u00e1 caindo de podre. Tornou-se um novo Eduardo Cunha, que teve o mandato cassado e est\u00e1 preso em Curitiba. Renan \u00e9 um mal que precisa ser extirpado. Uma hora ou outra, isso acontecer\u00e1. \u00c9 quest\u00e3o de tempo. N\u00e3o h\u00e1 blindagem que resista ao desejo popular.<\/p>\n<p>&nbsp;<\/p>\n<p>Bras\u00edlia, 06h18min<\/p>\n","protected":false},"excerpt":{"rendered":"<p>A comemora\u00e7\u00e3o foi grande, no Pal\u00e1cio do Planalto, diante da decis\u00e3o do Supremo Tribunal Federal (STF) de manter Renan Calheiros na presid\u00eancia do Senado, mas interlocutores do presidente Michel Temer reconhecem que a vit\u00f3ria do parlamentar dever\u00e1 custar muito caro. Ao contrariar a voz das ruas, o STF pode, indiretamente, insuflar as manifesta\u00e7\u00f5es que tanto [&hellip;]<\/p>\n","protected":false},"author":22,"featured_media":0,"comment_status":"open","ping_status":"closed","sticky":false,"template":"","format":"standard","meta":{"footnotes":""},"categories":[600],"tags":[255,111,1595,658,429,186,1573],"class_list":["post-3764","post","type-post","status-publish","format-standard","hentry","category-economia","tag-corrupcao","tag-michel-temer","tag-msnifestacoes","tag-pec-dos-gastos","tag-previdencia","tag-renan-calheiros","tag-ruas"],"_links":{"self":[{"href":"https:\/\/blogs.correiobraziliense.com.br\/vicente\/wp-json\/wp\/v2\/posts\/3764","targetHints":{"allow":["GET"]}}],"collection":[{"href":"https:\/\/blogs.correiobraziliense.com.br\/vicente\/wp-json\/wp\/v2\/posts"}],"about":[{"href":"https:\/\/blogs.correiobraziliense.com.br\/vicente\/wp-json\/wp\/v2\/types\/post"}],"author":[{"embeddable":true,"href":"https:\/\/blogs.correiobraziliense.com.br\/vicente\/wp-json\/wp\/v2\/users\/22"}],"replies":[{"embeddable":true,"href":"https:\/\/blogs.correiobraziliense.com.br\/vicente\/wp-json\/wp\/v2\/comments?post=3764"}],"version-history":[{"count":1,"href":"https:\/\/blogs.correiobraziliense.com.br\/vicente\/wp-json\/wp\/v2\/posts\/3764\/revisions"}],"predecessor-version":[{"id":3765,"href":"https:\/\/blogs.correiobraziliense.com.br\/vicente\/wp-json\/wp\/v2\/posts\/3764\/revisions\/3765"}],"wp:attachment":[{"href":"https:\/\/blogs.correiobraziliense.com.br\/vicente\/wp-json\/wp\/v2\/media?parent=3764"}],"wp:term":[{"taxonomy":"category","embeddable":true,"href":"https:\/\/blogs.correiobraziliense.com.br\/vicente\/wp-json\/wp\/v2\/categories?post=3764"},{"taxonomy":"post_tag","embeddable":true,"href":"https:\/\/blogs.correiobraziliense.com.br\/vicente\/wp-json\/wp\/v2\/tags?post=3764"}],"curies":[{"name":"wp","href":"https:\/\/api.w.org\/{rel}","templated":true}]}}