{"id":3753,"date":"2016-12-07T14:20:38","date_gmt":"2016-12-07T16:20:38","guid":{"rendered":"https:\/\/blogs.correiobraziliense.com.br\/vicente\/?p=3753"},"modified":"2016-12-07T14:30:36","modified_gmt":"2016-12-07T16:30:36","slug":"planalto-praticamente-parou-para-acompanhar-sessao-do-stf-que-decidira-futuro-de-renan","status":"publish","type":"post","link":"https:\/\/blogs.correiobraziliense.com.br\/vicente\/planalto-praticamente-parou-para-acompanhar-sessao-do-stf-que-decidira-futuro-de-renan\/","title":{"rendered":"Planalto praticamente parou para acompanhar sess\u00e3o do STF que decidir\u00e1 futuro de Renan"},"content":{"rendered":"<p>O clima \u00e9 de tens\u00e3o no Pal\u00e1cio do Planalto. Praticamente, todas as televis\u00f5es est\u00e3o ligadas e sintonizadas na sess\u00e3o do Supremo Tribunal Federal (STF) que decidir\u00e1 sobre o futuro do presidente do Senado, Renan Calheiros.<\/p>\n<p>&nbsp;<\/p>\n<p>A torcida \u00e9 para que os ministros do STF cheguem a um meio termo. Renan mant\u00e9m a presid\u00eancia do Senado, mas \u00e9 a afastado da linha sucess\u00f3ria da Presid\u00eancia da Rep\u00fablica.<\/p>\n<p>&nbsp;<\/p>\n<p>O afastamento definitivo de Renan do comando do Senado \u00e9 visto pelo Planalto como um &#8220;enorme risco&#8221;.<\/p>\n<p>&nbsp;<\/p>\n","protected":false},"excerpt":{"rendered":"<p>O clima \u00e9 de tens\u00e3o no Pal\u00e1cio do Planalto. Praticamente, todas as televis\u00f5es est\u00e3o ligadas e sintonizadas na sess\u00e3o do Supremo Tribunal Federal (STF) que decidir\u00e1 sobre o futuro do presidente do Senado, Renan Calheiros. &nbsp; A torcida \u00e9 para que os ministros do STF cheguem a um meio termo. Renan mant\u00e9m a presid\u00eancia do [&hellip;]<\/p>\n","protected":false},"author":22,"featured_media":0,"comment_status":"open","ping_status":"closed","sticky":false,"template":"","format":"standard","meta":{"footnotes":""},"categories":[600],"tags":[],"class_list":["post-3753","post","type-post","status-publish","format-standard","hentry","category-economia"],"_links":{"self":[{"href":"https:\/\/blogs.correiobraziliense.com.br\/vicente\/wp-json\/wp\/v2\/posts\/3753","targetHints":{"allow":["GET"]}}],"collection":[{"href":"https:\/\/blogs.correiobraziliense.com.br\/vicente\/wp-json\/wp\/v2\/posts"}],"about":[{"href":"https:\/\/blogs.correiobraziliense.com.br\/vicente\/wp-json\/wp\/v2\/types\/post"}],"author":[{"embeddable":true,"href":"https:\/\/blogs.correiobraziliense.com.br\/vicente\/wp-json\/wp\/v2\/users\/22"}],"replies":[{"embeddable":true,"href":"https:\/\/blogs.correiobraziliense.com.br\/vicente\/wp-json\/wp\/v2\/comments?post=3753"}],"version-history":[{"count":1,"href":"https:\/\/blogs.correiobraziliense.com.br\/vicente\/wp-json\/wp\/v2\/posts\/3753\/revisions"}],"predecessor-version":[{"id":3754,"href":"https:\/\/blogs.correiobraziliense.com.br\/vicente\/wp-json\/wp\/v2\/posts\/3753\/revisions\/3754"}],"wp:attachment":[{"href":"https:\/\/blogs.correiobraziliense.com.br\/vicente\/wp-json\/wp\/v2\/media?parent=3753"}],"wp:term":[{"taxonomy":"category","embeddable":true,"href":"https:\/\/blogs.correiobraziliense.com.br\/vicente\/wp-json\/wp\/v2\/categories?post=3753"},{"taxonomy":"post_tag","embeddable":true,"href":"https:\/\/blogs.correiobraziliense.com.br\/vicente\/wp-json\/wp\/v2\/tags?post=3753"}],"curies":[{"name":"wp","href":"https:\/\/api.w.org\/{rel}","templated":true}]}}