{"id":3750,"date":"2016-12-07T11:48:28","date_gmt":"2016-12-07T13:48:28","guid":{"rendered":"https:\/\/blogs.correiobraziliense.com.br\/vicente\/?p=3750"},"modified":"2016-12-07T14:36:31","modified_gmt":"2016-12-07T16:36:31","slug":"ilan-goldfajn-diz-que-sua-gestao-tem-credibilidade-demais-para-acelerar-corte-de-juros","status":"publish","type":"post","link":"https:\/\/blogs.correiobraziliense.com.br\/vicente\/ilan-goldfajn-diz-que-sua-gestao-tem-credibilidade-demais-para-acelerar-corte-de-juros\/","title":{"rendered":"Ilan Goldfajn diz que sua gest\u00e3o tem &#8220;credibilidade demais&#8221; para acelerar corte de juros"},"content":{"rendered":"<p class=\"p1\">POR ANTONIO TEM\u00d3TEO<\/p>\n<p class=\"p1\">\n<p class=\"p1\">A escala das press\u00f5es para a queda da taxa b\u00e1sica de juros (Selic) parece n\u00e3o incomodar o presidente do Banco Central (BC), Ilan Goldfajn. Ele avaliou, em caf\u00e9 da manh\u00e3 com jornalistas, que as tens\u00f5es s\u00e3o recorrentes, mas a autoridade monet\u00e1ria deve passar por cima dos ru\u00eddos e acompanhar o desdobramento dos fatos, sobretudo da aprova\u00e7\u00e3o do ajuste no Congresso Nacional. \u201cTemos que olhar a quest\u00e3o das reformas e se elas v\u00e3o ser implementadas. E \u00e9 isso que importa para a gente. Temos de passar um pouco por cima dos ru\u00eddos\u201d, disse.<\/p>\n<p class=\"p1\">\n<p class=\"p1\">Para Goldfajn, o mercado n\u00e3o questiona mais o comprometimento do BC com a converg\u00eancia da infla\u00e7\u00e3o para a meta e sua equipe possui &#8220;credibilidade demais&#8221; para acelerar o processo de corte da taxa b\u00e1sica de juros (Selic). Ele sinalizou que a intensifica\u00e7\u00e3o do corte de juros ocorrer\u00e1 na pr\u00f3xima reuni\u00e3o do Comit\u00ea de Pol\u00edtica Monet\u00e1ria (Copom). O presidente do BC detalhou que no \u00faltimo encontro do colegiado uma parte da diretoria avaliou que a queda da Selic deveria ser intensificado e outra ponderou ser melhor manter a cautela.<\/p>\n<p class=\"p1\">\n<p class=\"p1\">A prud\u00eancia na redu\u00e7\u00e3o da Selic, comentou Goldfajn, \u00e9 necess\u00e1ria diante da piora do cen\u00e1rio internacional e dos desafios internos. Entretanto, ele destacou que com a ancoragem das expectativas de infla\u00e7\u00e3o, ser\u00e1 poss\u00edvel reduzir os juros. &#8220;\u00c9 um espa\u00e7o que se ganha quando ancorar as expectativas. \u00c9 o espa\u00e7o que nos permite ter juros mais baixos sustent\u00e1veis por mais tempo&#8221;, comentou.<\/p>\n<p class=\"p1\">\n","protected":false},"excerpt":{"rendered":"<p>POR ANTONIO TEM\u00d3TEO A escala das press\u00f5es para a queda da taxa b\u00e1sica de juros (Selic) parece n\u00e3o incomodar o presidente do Banco Central (BC), Ilan Goldfajn. Ele avaliou, em caf\u00e9 da manh\u00e3 com jornalistas, que as tens\u00f5es s\u00e3o recorrentes, mas a autoridade monet\u00e1ria deve passar por cima dos ru\u00eddos e acompanhar o desdobramento dos [&hellip;]<\/p>\n","protected":false},"author":22,"featured_media":0,"comment_status":"open","ping_status":"closed","sticky":false,"template":"","format":"standard","meta":{"footnotes":""},"categories":[600],"tags":[],"class_list":["post-3750","post","type-post","status-publish","format-standard","hentry","category-economia"],"_links":{"self":[{"href":"https:\/\/blogs.correiobraziliense.com.br\/vicente\/wp-json\/wp\/v2\/posts\/3750","targetHints":{"allow":["GET"]}}],"collection":[{"href":"https:\/\/blogs.correiobraziliense.com.br\/vicente\/wp-json\/wp\/v2\/posts"}],"about":[{"href":"https:\/\/blogs.correiobraziliense.com.br\/vicente\/wp-json\/wp\/v2\/types\/post"}],"author":[{"embeddable":true,"href":"https:\/\/blogs.correiobraziliense.com.br\/vicente\/wp-json\/wp\/v2\/users\/22"}],"replies":[{"embeddable":true,"href":"https:\/\/blogs.correiobraziliense.com.br\/vicente\/wp-json\/wp\/v2\/comments?post=3750"}],"version-history":[{"count":5,"href":"https:\/\/blogs.correiobraziliense.com.br\/vicente\/wp-json\/wp\/v2\/posts\/3750\/revisions"}],"predecessor-version":[{"id":3757,"href":"https:\/\/blogs.correiobraziliense.com.br\/vicente\/wp-json\/wp\/v2\/posts\/3750\/revisions\/3757"}],"wp:attachment":[{"href":"https:\/\/blogs.correiobraziliense.com.br\/vicente\/wp-json\/wp\/v2\/media?parent=3750"}],"wp:term":[{"taxonomy":"category","embeddable":true,"href":"https:\/\/blogs.correiobraziliense.com.br\/vicente\/wp-json\/wp\/v2\/categories?post=3750"},{"taxonomy":"post_tag","embeddable":true,"href":"https:\/\/blogs.correiobraziliense.com.br\/vicente\/wp-json\/wp\/v2\/tags?post=3750"}],"curies":[{"name":"wp","href":"https:\/\/api.w.org\/{rel}","templated":true}]}}