{"id":3748,"date":"2016-12-06T15:16:19","date_gmt":"2016-12-06T17:16:19","guid":{"rendered":"https:\/\/blogs.correiobraziliense.com.br\/vicente\/?p=3748"},"modified":"2016-12-06T16:20:58","modified_gmt":"2016-12-06T18:20:58","slug":"13o-salva-caderneta-de-poupanca","status":"publish","type":"post","link":"https:\/\/blogs.correiobraziliense.com.br\/vicente\/13o-salva-caderneta-de-poupanca\/","title":{"rendered":"13\u00ba salva a caderneta de poupan\u00e7a"},"content":{"rendered":"<p>Apesar do rendimento decepcionante, a caderneta de poupan\u00e7a voltou a atrair investidores. Em novembro, com o recebimento da primeira parcela do 13\u00ba sal\u00e1rio, os trabalhadores destinaram um bom volume de dinheiro para a tradicional aplica\u00e7\u00e3o.<\/p>\n<p>&nbsp;<\/p>\n<p>No m\u00eas, os dep\u00f3sitos superaram os saques em R$ 1,88 bilh\u00e3o. Foi o primeiro resultado positivo no ano. No acumulado entre janeiro e novembro, por\u00e9m, as perdas na caderneta chegam a R$ 51,37 bilh\u00f5es.<\/p>\n","protected":false},"excerpt":{"rendered":"<p>Apesar do rendimento decepcionante, a caderneta de poupan\u00e7a voltou a atrair investidores. Em novembro, com o recebimento da primeira parcela do 13\u00ba sal\u00e1rio, os trabalhadores destinaram um bom volume de dinheiro para a tradicional aplica\u00e7\u00e3o. &nbsp; No m\u00eas, os dep\u00f3sitos superaram os saques em R$ 1,88 bilh\u00e3o. Foi o primeiro resultado positivo no ano. No [&hellip;]<\/p>\n","protected":false},"author":22,"featured_media":0,"comment_status":"open","ping_status":"closed","sticky":false,"template":"","format":"standard","meta":{"footnotes":""},"categories":[600],"tags":[354,163,165,54],"class_list":["post-3748","post","type-post","status-publish","format-standard","hentry","category-economia","tag-13o-salario","tag-caderneta-de-poupanca","tag-depositos","tag-saques"],"_links":{"self":[{"href":"https:\/\/blogs.correiobraziliense.com.br\/vicente\/wp-json\/wp\/v2\/posts\/3748","targetHints":{"allow":["GET"]}}],"collection":[{"href":"https:\/\/blogs.correiobraziliense.com.br\/vicente\/wp-json\/wp\/v2\/posts"}],"about":[{"href":"https:\/\/blogs.correiobraziliense.com.br\/vicente\/wp-json\/wp\/v2\/types\/post"}],"author":[{"embeddable":true,"href":"https:\/\/blogs.correiobraziliense.com.br\/vicente\/wp-json\/wp\/v2\/users\/22"}],"replies":[{"embeddable":true,"href":"https:\/\/blogs.correiobraziliense.com.br\/vicente\/wp-json\/wp\/v2\/comments?post=3748"}],"version-history":[{"count":1,"href":"https:\/\/blogs.correiobraziliense.com.br\/vicente\/wp-json\/wp\/v2\/posts\/3748\/revisions"}],"predecessor-version":[{"id":3749,"href":"https:\/\/blogs.correiobraziliense.com.br\/vicente\/wp-json\/wp\/v2\/posts\/3748\/revisions\/3749"}],"wp:attachment":[{"href":"https:\/\/blogs.correiobraziliense.com.br\/vicente\/wp-json\/wp\/v2\/media?parent=3748"}],"wp:term":[{"taxonomy":"category","embeddable":true,"href":"https:\/\/blogs.correiobraziliense.com.br\/vicente\/wp-json\/wp\/v2\/categories?post=3748"},{"taxonomy":"post_tag","embeddable":true,"href":"https:\/\/blogs.correiobraziliense.com.br\/vicente\/wp-json\/wp\/v2\/tags?post=3748"}],"curies":[{"name":"wp","href":"https:\/\/api.w.org\/{rel}","templated":true}]}}