{"id":3746,"date":"2016-12-06T15:51:58","date_gmt":"2016-12-06T17:51:58","guid":{"rendered":"https:\/\/blogs.correiobraziliense.com.br\/vicente\/?p=3746"},"modified":"2016-12-06T16:14:10","modified_gmt":"2016-12-06T18:14:10","slug":"depois-de-adriana-ancelmo-claudia-cruz-pode-ser-proxima-ser-presa","status":"publish","type":"post","link":"https:\/\/blogs.correiobraziliense.com.br\/vicente\/depois-de-adriana-ancelmo-claudia-cruz-pode-ser-proxima-ser-presa\/","title":{"rendered":"Depois de Adriana Ancelmo, Cl\u00e1udia Cruz pode ser a pr\u00f3xima a ser presa"},"content":{"rendered":"<p>A Justi\u00e7a n\u00e3o est\u00e1 perdoando. Foi presa hoje a primeira mulher acusada de tirar proveito do esquema de corrup\u00e7\u00e3o desvendado\u00a0pela Opera\u00e7\u00e3o Lava-Jato: a advogada Adriana Ancelmo, casada com o ex-governador do Rio S\u00e9rgio Cabral, que j\u00e1 est\u00e1 atr\u00e1s das grades.<\/p>\n<p>&nbsp;<\/p>\n<p>Tudo indica que a pr\u00f3xima a lista pode ser a jornalista Cl\u00e1udia Cruz, mulher do ex-deputado Eduardo Cunha, encarcerado em Curitiba. Assim como Adriana foi benefici\u00e1ria do esquema criminoso liderado por Cabral, Cl\u00e1udia tirou muito proveito das falcatruas de Cunha.<\/p>\n","protected":false},"excerpt":{"rendered":"<p>A Justi\u00e7a n\u00e3o est\u00e1 perdoando. Foi presa hoje a primeira mulher acusada de tirar proveito do esquema de corrup\u00e7\u00e3o desvendado\u00a0pela Opera\u00e7\u00e3o Lava-Jato: a advogada Adriana Ancelmo, casada com o ex-governador do Rio S\u00e9rgio Cabral, que j\u00e1 est\u00e1 atr\u00e1s das grades. &nbsp; Tudo indica que a pr\u00f3xima a lista pode ser a jornalista Cl\u00e1udia Cruz, mulher [&hellip;]<\/p>\n","protected":false},"author":22,"featured_media":0,"comment_status":"open","ping_status":"closed","sticky":false,"template":"","format":"standard","meta":{"footnotes":""},"categories":[600],"tags":[1588,1589,41,351,1504],"class_list":["post-3746","post","type-post","status-publish","format-standard","hentry","category-economia","tag-adriana-ancelmo","tag-esquema-de-corrupcao","tag-lava-jato","tag-prisao","tag-sergio-cabral"],"_links":{"self":[{"href":"https:\/\/blogs.correiobraziliense.com.br\/vicente\/wp-json\/wp\/v2\/posts\/3746","targetHints":{"allow":["GET"]}}],"collection":[{"href":"https:\/\/blogs.correiobraziliense.com.br\/vicente\/wp-json\/wp\/v2\/posts"}],"about":[{"href":"https:\/\/blogs.correiobraziliense.com.br\/vicente\/wp-json\/wp\/v2\/types\/post"}],"author":[{"embeddable":true,"href":"https:\/\/blogs.correiobraziliense.com.br\/vicente\/wp-json\/wp\/v2\/users\/22"}],"replies":[{"embeddable":true,"href":"https:\/\/blogs.correiobraziliense.com.br\/vicente\/wp-json\/wp\/v2\/comments?post=3746"}],"version-history":[{"count":1,"href":"https:\/\/blogs.correiobraziliense.com.br\/vicente\/wp-json\/wp\/v2\/posts\/3746\/revisions"}],"predecessor-version":[{"id":3747,"href":"https:\/\/blogs.correiobraziliense.com.br\/vicente\/wp-json\/wp\/v2\/posts\/3746\/revisions\/3747"}],"wp:attachment":[{"href":"https:\/\/blogs.correiobraziliense.com.br\/vicente\/wp-json\/wp\/v2\/media?parent=3746"}],"wp:term":[{"taxonomy":"category","embeddable":true,"href":"https:\/\/blogs.correiobraziliense.com.br\/vicente\/wp-json\/wp\/v2\/categories?post=3746"},{"taxonomy":"post_tag","embeddable":true,"href":"https:\/\/blogs.correiobraziliense.com.br\/vicente\/wp-json\/wp\/v2\/tags?post=3746"}],"curies":[{"name":"wp","href":"https:\/\/api.w.org\/{rel}","templated":true}]}}