{"id":3742,"date":"2016-12-04T20:17:14","date_gmt":"2016-12-04T22:17:14","guid":{"rendered":"https:\/\/blogs.correiobraziliense.com.br\/vicente\/?p=3742"},"modified":"2016-12-04T20:19:40","modified_gmt":"2016-12-04T22:19:40","slug":"temer-reconhece-pressao-para-baixar-juros-mas-diz-que-decisao-e-tecnica-e-cabe-ao-bc","status":"publish","type":"post","link":"https:\/\/blogs.correiobraziliense.com.br\/vicente\/temer-reconhece-pressao-para-baixar-juros-mas-diz-que-decisao-e-tecnica-e-cabe-ao-bc\/","title":{"rendered":"Temer reconhece press\u00e3o para baixar juros, mas diz que decis\u00e3o \u00e9 t\u00e9cnica e cabe ao BC"},"content":{"rendered":"<p>O presidente Michel Temer disse ao <strong>Blog<\/strong> que h\u00e1 uma press\u00e3o crescente de empres\u00e1rios para que o Banco Central reduza mais rapidamente a taxa b\u00e1sica de juros (Selic), hoje de 13,75% ao ano, e para que a institui\u00e7\u00e3o libere dep\u00f3sitos compuls\u00f3rios a fim de incrementar a oferta de cr\u00e9dito. Mas, segundo ele, as decis\u00f5es s\u00e3o extremamente t\u00e9cnicas e cabem, exclusivamente, ao BC.<\/p>\n<p>&nbsp;<\/p>\n<p>&#8220;A ansiedade que estamos vendo \u00e9 grande, mas natural&#8221;, diz Temer. &#8220;Muitos empres\u00e1rios t\u00eam cobrado a queda de juros e mudan\u00e7as nos compuls\u00f3rios, mas tudo vir\u00e1 na hora certa&#8221;, acrescenta. O presidente reconhece que esse tipo de press\u00e3o n\u00e3o \u00e9 novo, j\u00e1 aconteceu em outros momentos e &#8220;faz parte do jogo&#8221;.<\/p>\n<p>&nbsp;<\/p>\n<p>O importante, para Temer, \u00e9 que todas as medidas que est\u00e3o sendo tomadas na \u00e1rea econ\u00f4mica est\u00e3o no caminho certo. E o Banco Central, sob o comando de Ilan Goldfajn, \u00e9 competente e muito respeitado. O presidente diz ainda que est\u00e1 muito satisfeito com o trabalho realizado pelo BC.<\/p>\n<p>&nbsp;<\/p>\n<p>&#8220;Se algu\u00e9m afirmou que eu penso algo diferente, n\u00e3o reflete a verdade. N\u00e3o s\u00e3o opini\u00f5es minhas. N\u00e3o comungo delas. N\u00e3o disse nada a ningu\u00e9m sobre o BC&#8221;, assegura. Ele conta que, sobre economia, s\u00f3 conversa com o economista Delfim Netto, com o ministro da Fazenda, Henrique Meirelles, e com o secret\u00e1rio do Programa de Parcerias e Investimentos (PPI), Moreira Franco.<\/p>\n<p>&nbsp;<\/p>\n<p><em>Bras\u00edlia, 19h30min<\/em><\/p>\n","protected":false},"excerpt":{"rendered":"<p>O presidente Michel Temer disse ao Blog que h\u00e1 uma press\u00e3o crescente de empres\u00e1rios para que o Banco Central reduza mais rapidamente a taxa b\u00e1sica de juros (Selic), hoje de 13,75% ao ano, e para que a institui\u00e7\u00e3o libere dep\u00f3sitos compuls\u00f3rios a fim de incrementar a oferta de cr\u00e9dito. Mas, segundo ele, as decis\u00f5es s\u00e3o [&hellip;]<\/p>\n","protected":false},"author":22,"featured_media":0,"comment_status":"open","ping_status":"closed","sticky":false,"template":"","format":"standard","meta":{"footnotes":""},"categories":[600],"tags":[477,1582,1581,21,107,111,1427],"class_list":["post-3742","post","type-post","status-publish","format-standard","hentry","category-economia","tag-delfim-netto","tag-depositos-compulsorio","tag-descontentamento-com-o-banco-central","tag-henrique-meirelles","tag-ilan-goldfajn","tag-michel-temer","tag-moreira-franco"],"_links":{"self":[{"href":"https:\/\/blogs.correiobraziliense.com.br\/vicente\/wp-json\/wp\/v2\/posts\/3742","targetHints":{"allow":["GET"]}}],"collection":[{"href":"https:\/\/blogs.correiobraziliense.com.br\/vicente\/wp-json\/wp\/v2\/posts"}],"about":[{"href":"https:\/\/blogs.correiobraziliense.com.br\/vicente\/wp-json\/wp\/v2\/types\/post"}],"author":[{"embeddable":true,"href":"https:\/\/blogs.correiobraziliense.com.br\/vicente\/wp-json\/wp\/v2\/users\/22"}],"replies":[{"embeddable":true,"href":"https:\/\/blogs.correiobraziliense.com.br\/vicente\/wp-json\/wp\/v2\/comments?post=3742"}],"version-history":[{"count":1,"href":"https:\/\/blogs.correiobraziliense.com.br\/vicente\/wp-json\/wp\/v2\/posts\/3742\/revisions"}],"predecessor-version":[{"id":3743,"href":"https:\/\/blogs.correiobraziliense.com.br\/vicente\/wp-json\/wp\/v2\/posts\/3742\/revisions\/3743"}],"wp:attachment":[{"href":"https:\/\/blogs.correiobraziliense.com.br\/vicente\/wp-json\/wp\/v2\/media?parent=3742"}],"wp:term":[{"taxonomy":"category","embeddable":true,"href":"https:\/\/blogs.correiobraziliense.com.br\/vicente\/wp-json\/wp\/v2\/categories?post=3742"},{"taxonomy":"post_tag","embeddable":true,"href":"https:\/\/blogs.correiobraziliense.com.br\/vicente\/wp-json\/wp\/v2\/tags?post=3742"}],"curies":[{"name":"wp","href":"https:\/\/api.w.org\/{rel}","templated":true}]}}