{"id":3740,"date":"2016-12-04T15:18:34","date_gmt":"2016-12-04T17:18:34","guid":{"rendered":"https:\/\/blogs.correiobraziliense.com.br\/vicente\/?p=3740"},"modified":"2016-12-04T17:38:53","modified_gmt":"2016-12-04T19:38:53","slug":"temer-acredita-que-pode-ter-errado-na-escolha-de-ilan-goldfajn-para-o-banco-central","status":"publish","type":"post","link":"https:\/\/blogs.correiobraziliense.com.br\/vicente\/temer-acredita-que-pode-ter-errado-na-escolha-de-ilan-goldfajn-para-o-banco-central\/","title":{"rendered":"Temer acredita que pode ter errado na escolha de Ilan Goldfajn para o Banco Central"},"content":{"rendered":"<p>A gritaria que come\u00e7a a ecoar pela Esplanada do Minist\u00e9rios contra a pol\u00edtica econ\u00f4mica do governo levou o presidente Michel Temer a fazer algumas reflex\u00f5es. E ele j\u00e1 come\u00e7a a se convencer de que errou na escolha da Ilan Goldfajn para a presid\u00eancia do Banco Central.<\/p>\n<p>&nbsp;<\/p>\n<p>Quando o nome de Ilan foi apresentado a Temer, a indica\u00e7\u00e3o veio acompanhada da observa\u00e7\u00e3o de que o economista, que, \u00e0 \u00e9poca, estava no Ita\u00fa Unibanco, estaria disposto a cortar, rapidamente, os juros, para estimular a atividade e tirar a economia da recess\u00e3o. Ilan, ent\u00e3o no banco das fam\u00edlias Vilella e Set\u00fabal, falava em corte de at\u00e9 dois pontos percentuais na taxa b\u00e1sica de juros (Selic).<\/p>\n<p>&nbsp;<\/p>\n<p>Temer se animou bastante. Afinal, Ilan reunia conhecimento t\u00e9cnico para o cargo, era respeitado no mercado e ainda pregava a queda r\u00e1pida dos juros como est\u00edmulo \u00e0 economia. O presidente da Rep\u00fablica se convenceu de que tinha a pessoa certa para tocar a pol\u00edtica monet\u00e1ria.<\/p>\n<p>&nbsp;<\/p>\n<p>Passados seis meses, por\u00e9m, Ilan n\u00e3o entregou o que Temer esperava dele: a queda mais r\u00e1pida dos juros. A infla\u00e7\u00e3o, por conta da grav\u00edssima recess\u00e3o, est\u00e1 caindo e caminhando para o centro da meta, de 4,5%. Os juros come\u00e7aram a ceder, mas muito lentamente, mesmo com o Instituto Brasileiro de Geografia e Estat\u00edstica (IBGE) mostrando que a recess\u00e3o se aprofundou.<\/p>\n<p>&nbsp;<\/p>\n<p><strong>Receio<\/strong><\/p>\n<p>&nbsp;<\/p>\n<p>Temer esperava que, na \u00faltima reuni\u00e3o do Comit\u00ea de Pol\u00edtica Monet\u00e1ria (Copom), realizado no mesmo dia em que o IBGE mostrou o tombo de 0,8% do Produto Interno Bruto (PIB) no terceiro trimestre do ano (foi o primeiro PIB da era Temer), Ilan e seu time fossem mais corajosos para acelerar o passo no corte de juros. Mas, n\u00e3o. O BC manteve o ritmo do corte em 0,25 ponto, com a Selic baixando para 13,75% ao ano, taxa elevad\u00edssima para os padr\u00f5es mundiais.<\/p>\n<p>&nbsp;<\/p>\n<p>A decep\u00e7\u00e3o de Temer com Ilan vem sendo alimentada por representantes da ind\u00fastria. Eles dizem ao presidente que n\u00e3o h\u00e1 como destravarem os investimentos produtivos com o custo do capital t\u00e3o elevado. A taxa real de juros (descontada a infla\u00e7\u00e3o projetada para os pr\u00f3ximos 12 meses)\u00a0est\u00e1 um pouco acima de 8%. \u00c9 muito para o setor produtivo.<\/p>\n<p>&nbsp;<\/p>\n<p>O descontentamento dos industriais tende a se somar \u00e0s frustra\u00e7\u00f5es dos varejistas, que continuam assistindo as vendas despencarem. Temer, realmente, n\u00e3o anda nada satisfeito como Ilan.<\/p>\n<p>&nbsp;<\/p>\n<p><em>Bras\u00edlia, 15h18min\u00a0<\/em><\/p>\n","protected":false},"excerpt":{"rendered":"<p>A gritaria que come\u00e7a a ecoar pela Esplanada do Minist\u00e9rios contra a pol\u00edtica econ\u00f4mica do governo levou o presidente Michel Temer a fazer algumas reflex\u00f5es. E ele j\u00e1 come\u00e7a a se convencer de que errou na escolha da Ilan Goldfajn para a presid\u00eancia do Banco Central. &nbsp; Quando o nome de Ilan foi apresentado a [&hellip;]<\/p>\n","protected":false},"author":22,"featured_media":0,"comment_status":"open","ping_status":"closed","sticky":false,"template":"","format":"standard","meta":{"footnotes":""},"categories":[600],"tags":[202,1580,107,111,31,1319],"class_list":["post-3740","post","type-post","status-publish","format-standard","hentry","category-economia","tag-decepcao","tag-decepcao-com-o-bc","tag-ilan-goldfajn","tag-michel-temer","tag-recessao","tag-taxa-basica-de-juros"],"_links":{"self":[{"href":"https:\/\/blogs.correiobraziliense.com.br\/vicente\/wp-json\/wp\/v2\/posts\/3740","targetHints":{"allow":["GET"]}}],"collection":[{"href":"https:\/\/blogs.correiobraziliense.com.br\/vicente\/wp-json\/wp\/v2\/posts"}],"about":[{"href":"https:\/\/blogs.correiobraziliense.com.br\/vicente\/wp-json\/wp\/v2\/types\/post"}],"author":[{"embeddable":true,"href":"https:\/\/blogs.correiobraziliense.com.br\/vicente\/wp-json\/wp\/v2\/users\/22"}],"replies":[{"embeddable":true,"href":"https:\/\/blogs.correiobraziliense.com.br\/vicente\/wp-json\/wp\/v2\/comments?post=3740"}],"version-history":[{"count":1,"href":"https:\/\/blogs.correiobraziliense.com.br\/vicente\/wp-json\/wp\/v2\/posts\/3740\/revisions"}],"predecessor-version":[{"id":3741,"href":"https:\/\/blogs.correiobraziliense.com.br\/vicente\/wp-json\/wp\/v2\/posts\/3740\/revisions\/3741"}],"wp:attachment":[{"href":"https:\/\/blogs.correiobraziliense.com.br\/vicente\/wp-json\/wp\/v2\/media?parent=3740"}],"wp:term":[{"taxonomy":"category","embeddable":true,"href":"https:\/\/blogs.correiobraziliense.com.br\/vicente\/wp-json\/wp\/v2\/categories?post=3740"},{"taxonomy":"post_tag","embeddable":true,"href":"https:\/\/blogs.correiobraziliense.com.br\/vicente\/wp-json\/wp\/v2\/tags?post=3740"}],"curies":[{"name":"wp","href":"https:\/\/api.w.org\/{rel}","templated":true}]}}