{"id":3726,"date":"2016-11-30T18:35:31","date_gmt":"2016-11-30T20:35:31","guid":{"rendered":"https:\/\/blogs.correiobraziliense.com.br\/vicente\/?p=3726"},"modified":"2016-11-30T19:53:05","modified_gmt":"2016-11-30T21:53:05","slug":"faltou-coragem-ao-bc-juros-caem-so-025-ponto-para-1375-ao-ano","status":"publish","type":"post","link":"https:\/\/blogs.correiobraziliense.com.br\/vicente\/faltou-coragem-ao-bc-juros-caem-so-025-ponto-para-1375-ao-ano\/","title":{"rendered":"Faltou coragem ao BC. Juros caem s\u00f3 0,25 ponto, para 13,75% ao ano"},"content":{"rendered":"<p>A diretoria do Banco Central, comandada por Ilan Goldfajn, queria muito cortar a taxa b\u00e1sica de juros (Selic) em 0,50 ponto percentual, mas n\u00e3o teve coragem. Acabou sancionando o que previa a maioria do mercado, queda de 0,25 ponto, para 13,75% ao ano.<\/p>\n<p>&nbsp;<\/p>\n<p>Raz\u00f5es n\u00e3o faltam para um BC um pouco mais ousado. A pr\u00f3pria institui\u00e7\u00e3o listou, no comunicado divulgado ap\u00f3s a reuni\u00e3o do Comit\u00ea de Pol\u00edtica Monet\u00e1ria (Copom), motivos de sobra para uma redu\u00e7\u00e3o mais acentuada da Selic.<\/p>\n<p>&nbsp;<\/p>\n<p>Diz o BC, com todo o seu tecnicismo: 1) a atividade econ\u00f4mica mais fraca e o elevado n\u00edvel de ociosidade na economia podem produzir desinfla\u00e7\u00e3o mais r\u00e1pida que a refletida nas proje\u00e7\u00f5es do Copom; 2) a infla\u00e7\u00e3o tem se mostrado mais favor\u00e1vel no curto prazo, o que pode sinalizar menor persist\u00eancia no processo inflacion\u00e1rio; 3) o processo de aprova\u00e7\u00e3o e implementa\u00e7\u00e3o das reformas e ajustes necess\u00e1rios na economia pode ocorrer de forma mais c\u00e9lere que o antecipado.<\/p>\n<p>&nbsp;<\/p>\n<p>O BC est\u00e1 dizendo, portanto, que a recess\u00e3o mais prolongada ajudar\u00e1 a derrubar mais rapidamente a infla\u00e7\u00e3o; que, mesmo com a recente alta do d\u00f3lar, as proje\u00e7\u00f5es para o \u00cdndice de Pre\u00e7os ao Consumidor Amplo (IPCA) de 2017 e 2018 ca\u00edram; e que o avan\u00e7o do ajuste fiscal, com a aprova\u00e7\u00e3o, pelo Senado, da Proposta de Emenda \u00e0 Constitui\u00e7\u00e3o (PEC) que limita o aumento dos gastos p\u00fablicos, ajudar\u00e1 a conter os reajustes de pre\u00e7os. Pelos c\u00e1lculos do BC, a infla\u00e7\u00e3o projetada para o pr\u00f3ximo ano est\u00e1 entre 4,4% e 4,7% e, para 2018, entre 3,6% e 4,6%.<\/p>\n<p>&nbsp;<\/p>\n<p>O BC, por\u00e9m, preferiu dar mais peso \u00e0 quest\u00e3o externa. Teme que o esperado aumento dos juros nos Estados Unidos e as incertezas na condu\u00e7\u00e3o da pol\u00edtica econ\u00f4mica do governo de Donald Trump provoquem estragos no pa\u00eds, a ponto de sustentar um novo ciclo de alta da infla\u00e7\u00e3o.<\/p>\n<p>&nbsp;<\/p>\n<p>Como dizem os economistas Jankiel Santos e Fl\u00e1vio Serrano, do Banco Haitong, o BC cortou os juros em 0,25 ponto, mas soltou um comunicado como se a Selic tivesse ca\u00eddo 0,50 ponto. Por isso, eles acreditam que, a partir de janeiro do ano que vem, o BC dever\u00e1 acelerar o passo na condu\u00e7\u00e3o da pol\u00edtica monet\u00e1ria, com baixas sequenciais de 0,50 ponto. \u00c9 esperar para ver se Ilan e companhia ter\u00e3o coragem de deixar o conservadorismo de lado.<\/p>\n<p>&nbsp;<\/p>\n<p><em>Bras\u00edlia, 18h35min<\/em><\/p>\n","protected":false},"excerpt":{"rendered":"<p>A diretoria do Banco Central, comandada por Ilan Goldfajn, queria muito cortar a taxa b\u00e1sica de juros (Selic) em 0,50 ponto percentual, mas n\u00e3o teve coragem. Acabou sancionando o que previa a maioria do mercado, queda de 0,25 ponto, para 13,75% ao ano. &nbsp; Raz\u00f5es n\u00e3o faltam para um BC um pouco mais ousado. A [&hellip;]<\/p>\n","protected":false},"author":22,"featured_media":0,"comment_status":"open","ping_status":"closed","sticky":false,"template":"","format":"standard","meta":{"footnotes":""},"categories":[600],"tags":[1566,1568,3,1348,99,473,363,14,1567,34],"class_list":["post-3726","post","type-post","status-publish","format-standard","hentry","category-economia","tag-25-ponto-percentual-na-selic","tag-50-ponto","tag-banco-central","tag-comite-de-politica-monetaria","tag-copom","tag-corte-de-0","tag-estados-unidos","tag-inflacao","tag-reducao-de-0","tag-selic"],"_links":{"self":[{"href":"https:\/\/blogs.correiobraziliense.com.br\/vicente\/wp-json\/wp\/v2\/posts\/3726","targetHints":{"allow":["GET"]}}],"collection":[{"href":"https:\/\/blogs.correiobraziliense.com.br\/vicente\/wp-json\/wp\/v2\/posts"}],"about":[{"href":"https:\/\/blogs.correiobraziliense.com.br\/vicente\/wp-json\/wp\/v2\/types\/post"}],"author":[{"embeddable":true,"href":"https:\/\/blogs.correiobraziliense.com.br\/vicente\/wp-json\/wp\/v2\/users\/22"}],"replies":[{"embeddable":true,"href":"https:\/\/blogs.correiobraziliense.com.br\/vicente\/wp-json\/wp\/v2\/comments?post=3726"}],"version-history":[{"count":1,"href":"https:\/\/blogs.correiobraziliense.com.br\/vicente\/wp-json\/wp\/v2\/posts\/3726\/revisions"}],"predecessor-version":[{"id":3727,"href":"https:\/\/blogs.correiobraziliense.com.br\/vicente\/wp-json\/wp\/v2\/posts\/3726\/revisions\/3727"}],"wp:attachment":[{"href":"https:\/\/blogs.correiobraziliense.com.br\/vicente\/wp-json\/wp\/v2\/media?parent=3726"}],"wp:term":[{"taxonomy":"category","embeddable":true,"href":"https:\/\/blogs.correiobraziliense.com.br\/vicente\/wp-json\/wp\/v2\/categories?post=3726"},{"taxonomy":"post_tag","embeddable":true,"href":"https:\/\/blogs.correiobraziliense.com.br\/vicente\/wp-json\/wp\/v2\/tags?post=3726"}],"curies":[{"name":"wp","href":"https:\/\/api.w.org\/{rel}","templated":true}]}}