{"id":3722,"date":"2016-11-30T05:20:52","date_gmt":"2016-11-30T07:20:52","guid":{"rendered":"https:\/\/blogs.correiobraziliense.com.br\/vicente\/?p=3722"},"modified":"2016-11-30T16:27:02","modified_gmt":"2016-11-30T18:27:02","slug":"o-brasil-cai-na-real","status":"publish","type":"post","link":"https:\/\/blogs.correiobraziliense.com.br\/vicente\/o-brasil-cai-na-real\/","title":{"rendered":"O Brasil cai na real"},"content":{"rendered":"<p>POR ANTONIO TEM\u00d3TEO<\/p>\n<p>&nbsp;<\/p>\n<p>Ap\u00f3s o impeachment da ex-presidente Dilma Rousseff, parte significativa dos empres\u00e1rios e dos economistas passou a acreditar piamente que o governo de Michel Temer teria condi\u00e7\u00f5es de aprovar um pacote robusto de medidas para tirar o pa\u00eds do buraco. A escolha de Henrique Meirelles para comandar a pol\u00edtica fiscal do pa\u00eds e a de Ilan Goldfajn para presidir o Banco Central (BC) deu ao mercado a certeza de que a heterodoxia seria deixada de lado na condu\u00e7\u00e3o da economia.<\/p>\n<p>&nbsp;<\/p>\n<p>Nas palavras de um banqueiro, o pa\u00eds caminhava a passos largos para pular de um precip\u00edcio com a gest\u00e3o petista e, a partir das mudan\u00e7as pol\u00edticas, virou de costas para o desfiladeiro. O avan\u00e7o, relativamente r\u00e1pido, da Proposta de Emenda \u00e0 Constitui\u00e7\u00e3o (PEC) que limita o crescimento dos gastos p\u00fablicos na C\u00e2mara dos Deputados mantinha analistas e empreendedores confiantes na recupera\u00e7\u00e3o do pa\u00eds. \u00c0quela altura, quatro ministros j\u00e1 haviam ca\u00eddo por motivos pouco republicanos. Mas a euforia ainda imperava.<\/p>\n<p>&nbsp;<\/p>\n<p>Quem conhece Bras\u00edlia e entende um pouco da din\u00e2mica patrimonialista que impera nas rela\u00e7\u00f5es entre o Executivo e o Legislativo temia que a lua de mel entre o poder p\u00fablico e o setor privado durasse pouco tempo. Boa parte dos ministros de Temer e do segundo escal\u00e3o de sua gest\u00e3o tamb\u00e9m participou dos governos de Luiz In\u00e1cio Lula da Silva e de Dilma. A possibilidade de que essas pessoas fossem investigadas pela Lava-Jato sempre foi alt\u00edssima.<\/p>\n<p>&nbsp;<\/p>\n<p>Durante os seis primeiros meses da administra\u00e7\u00e3o Temer, Meirelles e Ilan ganharam no \u201cgog\u00f3\u201d as batalhas da guerra das expectativas. As estimativas dos economistas para a infla\u00e7\u00e3o, os juros e o crescimento econ\u00f4mico melhoraram significativamente. De fato, o BC mudou sua comunica\u00e7\u00e3o e deixou claro que trabalharia para resgatar o trip\u00e9 macroecon\u00f4mico. Mas nenhuma medida concreta saiu do papel, a n\u00e3o ser uma queda de 0,25 ponto percentual da taxa b\u00e1sica de juros (Selic). Muito mais em fun\u00e7\u00e3o da recess\u00e3o profunda do que da queda significativa da infla\u00e7\u00e3o corrente.<\/p>\n<p>&nbsp;<\/p>\n<p>Em muitos momentos pol\u00eamicos, as quest\u00f5es pol\u00edticas foram deixadas de lado e o mercado manteve o otimismo. Foi assim quando o senador Romero Juc\u00e1 (PMDB-RR) perdeu o posto de ministro do Planejamento, ap\u00f3s grava\u00e7\u00f5es de S\u00e9rgio Machado indicarem que ele era favor\u00e1vel a medidas para \u201cestancar\u201d a pris\u00e3o de pol\u00edticos. Foi assim tamb\u00e9m quando a mesma C\u00e2mara que havia aprovado a PEC dos gastos quis anistiar o crime de caixa dois em elei\u00e7\u00f5es passadas.<\/p>\n<p>&nbsp;<\/p>\n<p><strong>Realismo<\/strong><\/p>\n<p>&nbsp;<\/p>\n<p>O otimismo passou a se transformar em incerteza somente quando a confian\u00e7a n\u00e3o se traduziu em melhora na economia real. Os indicadores antecedentes da ind\u00fastria, do com\u00e9rcio, de servi\u00e7os e os investimentos se mantiveram no fundo do po\u00e7o. As estimativas para a retra\u00e7\u00e3o da economia em 2016 chegaram a 3,5%. E quem esperava alta do Produto Interno Bruto (PIB) de mais de 1% para 2017 revisou suas proje\u00e7\u00f5es. Reservadamente, alguns analistas j\u00e1 temem que a economia continue em recess\u00e3o. Al\u00e9m disso, o desemprego continua a crescer significativamente. Nos \u00faltimos 12 meses at\u00e9 outubro, 1,5 milh\u00e3o de brasileiros perderam o emprego.<\/p>\n<p>&nbsp;<\/p>\n<p>O pa\u00eds s\u00f3 caiu na real ap\u00f3s o ex-ministro da Cultura Marcelo Calero revelar que era pressionado pelo ent\u00e3o ministro da Secretaria de Governo, Geddel Vieira, para que ela liberasse a obra de um edif\u00edcio em Salvador (BA) no qual possui um apartamento. Ficou claro que um ministro da estrita confian\u00e7a de Temer usava do cargo p\u00fablico para defender os pr\u00f3prios interesses.<\/p>\n<p>&nbsp;<\/p>\n<p>Economistas e empres\u00e1rios ouvidos reservadamente temem que o governo tenha s\u00e9rias dificuldades para aprovar a reforma da Previd\u00eancia no pr\u00f3ximo ano, ap\u00f3s a divulga\u00e7\u00e3o da dela\u00e7\u00e3o premiada da Odebrecht. Al\u00e9m disso, ressaltam que, a depender do clima pol\u00edtico em Bras\u00edlia, as mudan\u00e7as nas regras para concess\u00e3o de benef\u00edcios do Instituto Nacional do Seguro Social (INSS) podem nem ser aprovadas.<\/p>\n<p>&nbsp;<\/p>\n<p>Um economista que preferiu anonimato e que conhece os meandros da capital federal avalia que o governo Temer conseguir\u00e1 aprovar apenas a PEC dos gastos e com muita dificuldade a reforma da Previd\u00eancia. \u201cComo o presidente enfrenta uma batalha por vez n\u00e3o conseguir\u00e1 mudar as regras trabalhistas, como prometeu, ou fazer uma reforma tribut\u00e1ria\u201d, destaca.<\/p>\n<p>&nbsp;<\/p>\n<p>Ele lembra que o segundo semestre de 2017 ser\u00e1 contaminado pelas discuss\u00f5es de alian\u00e7as para as elei\u00e7\u00f5es do ano seguinte. E, em 2018, como \u00e9 praxe, os pol\u00edticos deixar\u00e3o o Congresso \u00e0s moscas para fazer campanha. Quem se iludiu com a perspectiva de mudan\u00e7as profundas come\u00e7a a colocar os p\u00e9s no ch\u00e3o e a reconhecer que o pa\u00eds ainda n\u00e3o deixou o fundo do po\u00e7o e ter\u00e1 uma miss\u00e3o \u00e1rdua para se reequilibrar.<\/p>\n<p>&nbsp;<\/p>\n<p>No fim das contas, mais pessoas ficar\u00e3o desempregadas, mais empresas fechar\u00e3o as portas e o Brasil continuar\u00e1 a ser conhecido como o pa\u00eds da corrup\u00e7\u00e3o e dos voos de galinha. Economistas, empres\u00e1rios e trabalhadores come\u00e7am a cair na real.<\/p>\n<p>&nbsp;<\/p>\n<p><em>Bras\u00edlia, 05h20min<\/em><\/p>\n","protected":false},"excerpt":{"rendered":"<p>POR ANTONIO TEM\u00d3TEO &nbsp; Ap\u00f3s o impeachment da ex-presidente Dilma Rousseff, parte significativa dos empres\u00e1rios e dos economistas passou a acreditar piamente que o governo de Michel Temer teria condi\u00e7\u00f5es de aprovar um pacote robusto de medidas para tirar o pa\u00eds do buraco. A escolha de Henrique Meirelles para comandar a pol\u00edtica fiscal do pa\u00eds [&hellip;]<\/p>\n","protected":false},"author":22,"featured_media":0,"comment_status":"open","ping_status":"closed","sticky":false,"template":"","format":"standard","meta":{"footnotes":""},"categories":[600],"tags":[378,113,11,111,58,31],"class_list":["post-3722","post","type-post","status-publish","format-standard","hentry","category-economia","tag-brasil","tag-crescimento","tag-dilma-rousseff","tag-michel-temer","tag-pib","tag-recessao"],"_links":{"self":[{"href":"https:\/\/blogs.correiobraziliense.com.br\/vicente\/wp-json\/wp\/v2\/posts\/3722","targetHints":{"allow":["GET"]}}],"collection":[{"href":"https:\/\/blogs.correiobraziliense.com.br\/vicente\/wp-json\/wp\/v2\/posts"}],"about":[{"href":"https:\/\/blogs.correiobraziliense.com.br\/vicente\/wp-json\/wp\/v2\/types\/post"}],"author":[{"embeddable":true,"href":"https:\/\/blogs.correiobraziliense.com.br\/vicente\/wp-json\/wp\/v2\/users\/22"}],"replies":[{"embeddable":true,"href":"https:\/\/blogs.correiobraziliense.com.br\/vicente\/wp-json\/wp\/v2\/comments?post=3722"}],"version-history":[{"count":1,"href":"https:\/\/blogs.correiobraziliense.com.br\/vicente\/wp-json\/wp\/v2\/posts\/3722\/revisions"}],"predecessor-version":[{"id":3723,"href":"https:\/\/blogs.correiobraziliense.com.br\/vicente\/wp-json\/wp\/v2\/posts\/3722\/revisions\/3723"}],"wp:attachment":[{"href":"https:\/\/blogs.correiobraziliense.com.br\/vicente\/wp-json\/wp\/v2\/media?parent=3722"}],"wp:term":[{"taxonomy":"category","embeddable":true,"href":"https:\/\/blogs.correiobraziliense.com.br\/vicente\/wp-json\/wp\/v2\/categories?post=3722"},{"taxonomy":"post_tag","embeddable":true,"href":"https:\/\/blogs.correiobraziliense.com.br\/vicente\/wp-json\/wp\/v2\/tags?post=3722"}],"curies":[{"name":"wp","href":"https:\/\/api.w.org\/{rel}","templated":true}]}}