{"id":3717,"date":"2016-11-30T15:52:49","date_gmt":"2016-11-30T17:52:49","guid":{"rendered":"https:\/\/blogs.correiobraziliense.com.br\/vicente\/?p=3717"},"modified":"2016-11-30T15:57:01","modified_gmt":"2016-11-30T17:57:01","slug":"mercado-volta-falar-em-queda-do-pib-em-2017","status":"publish","type":"post","link":"https:\/\/blogs.correiobraziliense.com.br\/vicente\/mercado-volta-falar-em-queda-do-pib-em-2017\/","title":{"rendered":"Mercado volta a falar em queda do PIB em 2017"},"content":{"rendered":"<p>O pessimismo em rela\u00e7\u00e3o \u00e0 economia voltou com tudo no mercado. Mesmo com o avan\u00e7o, no Senado, da Proposta de Enenda \u00e0 Constitui\u00e7\u00e3o (PEC) que limita o aumento dos gastos p\u00fablicos, muitas institui\u00e7\u00f5es revisaram para baixo as proje\u00e7\u00f5es de crescimento para o Produto Interno Bruto (PIB) em 2017.<\/p>\n<p>&nbsp;<\/p>\n<p>H\u00e1 quem j\u00e1 fale em nova que do PIB no ano que vem, de pelo menos 0,3%. Al\u00e9m da total incapacidade da atividade em recuperar as for\u00e7as neste momento, as incertezas pol\u00edticas ganham cada vez mais peso nas proje\u00e7\u00f5es. A vit\u00f3ria do governo com a PEC dos gastos \u00a0j\u00e1 n\u00e3o anima mais os investidores como dois meses atr\u00e1s.<\/p>\n","protected":false},"excerpt":{"rendered":"<p>O pessimismo em rela\u00e7\u00e3o \u00e0 economia voltou com tudo no mercado. Mesmo com o avan\u00e7o, no Senado, da Proposta de Enenda \u00e0 Constitui\u00e7\u00e3o (PEC) que limita o aumento dos gastos p\u00fablicos, muitas institui\u00e7\u00f5es revisaram para baixo as proje\u00e7\u00f5es de crescimento para o Produto Interno Bruto (PIB) em 2017. &nbsp; H\u00e1 quem j\u00e1 fale em nova [&hellip;]<\/p>\n","protected":false},"author":22,"featured_media":0,"comment_status":"open","ping_status":"closed","sticky":false,"template":"","format":"standard","meta":{"footnotes":""},"categories":[600],"tags":[],"class_list":["post-3717","post","type-post","status-publish","format-standard","hentry","category-economia"],"_links":{"self":[{"href":"https:\/\/blogs.correiobraziliense.com.br\/vicente\/wp-json\/wp\/v2\/posts\/3717","targetHints":{"allow":["GET"]}}],"collection":[{"href":"https:\/\/blogs.correiobraziliense.com.br\/vicente\/wp-json\/wp\/v2\/posts"}],"about":[{"href":"https:\/\/blogs.correiobraziliense.com.br\/vicente\/wp-json\/wp\/v2\/types\/post"}],"author":[{"embeddable":true,"href":"https:\/\/blogs.correiobraziliense.com.br\/vicente\/wp-json\/wp\/v2\/users\/22"}],"replies":[{"embeddable":true,"href":"https:\/\/blogs.correiobraziliense.com.br\/vicente\/wp-json\/wp\/v2\/comments?post=3717"}],"version-history":[{"count":4,"href":"https:\/\/blogs.correiobraziliense.com.br\/vicente\/wp-json\/wp\/v2\/posts\/3717\/revisions"}],"predecessor-version":[{"id":3721,"href":"https:\/\/blogs.correiobraziliense.com.br\/vicente\/wp-json\/wp\/v2\/posts\/3717\/revisions\/3721"}],"wp:attachment":[{"href":"https:\/\/blogs.correiobraziliense.com.br\/vicente\/wp-json\/wp\/v2\/media?parent=3717"}],"wp:term":[{"taxonomy":"category","embeddable":true,"href":"https:\/\/blogs.correiobraziliense.com.br\/vicente\/wp-json\/wp\/v2\/categories?post=3717"},{"taxonomy":"post_tag","embeddable":true,"href":"https:\/\/blogs.correiobraziliense.com.br\/vicente\/wp-json\/wp\/v2\/tags?post=3717"}],"curies":[{"name":"wp","href":"https:\/\/api.w.org\/{rel}","templated":true}]}}