{"id":3713,"date":"2016-11-30T14:26:44","date_gmt":"2016-11-30T16:26:44","guid":{"rendered":"https:\/\/blogs.correiobraziliense.com.br\/vicente\/?p=3713"},"modified":"2016-11-30T15:44:10","modified_gmt":"2016-11-30T17:44:10","slug":"com-recessao-se-aprofundando-queda-de-05-ponto-nos-juros-volta-ao-debate","status":"publish","type":"post","link":"https:\/\/blogs.correiobraziliense.com.br\/vicente\/com-recessao-se-aprofundando-queda-de-05-ponto-nos-juros-volta-ao-debate\/","title":{"rendered":"Com recess\u00e3o se aprofundando, queda de 0,5 ponto nos juros volta ao debate"},"content":{"rendered":"<p>Nas \u00faltimas semanas, o Banco Central fez quest\u00e3o de manter uma postura cautelosa. Tudo estrategicamente pensado para consolidar no mercado a vis\u00e3o de que o corte da taxa b\u00e1sica de juros (Selic) ser\u00e1 lento e muito gradual. N\u00e3o por acaso, consolidou-se um quase consenso de queda de 0,25 ponto percentual no indicador nesta quarta-feira.<\/p>\n<p>&nbsp;<\/p>\n<p>Horas antes de a decis\u00e3o do Comit\u00ea de Pol\u00edtica Monet\u00e1ria (Copom) anunciar sua decis\u00e3o, uma \u00a0parte do mercado voltou a cogitar uma redu\u00e7\u00e3o mais acentuada dos juros, de 0,50 ponto. Motivo: o aprofundamento da recess\u00e3o mostrado hoje pelo Instituto Brasileiro de Geografia e Estat\u00edstica (IBGE).<\/p>\n<p>&nbsp;<\/p>\n<p>O tombo de 0,8% do Produto Interno Bruto (PIB) no terceiro trimestre deste ano levou muitos analistas a reverem as proje\u00e7\u00f5es de crescimento em 2017 para baixo. E, por tabela, a reduzirem as estimativas de infla\u00e7\u00e3o. H\u00e1 quem j\u00e1 acredite em uma taxa para o custo de vida no ano que vem inferior aos 4,5% perseguidos pelo BC.<\/p>\n<p>&nbsp;<\/p>\n<p>Na vis\u00e3o dos especialistas, como a recess\u00e3o est\u00e1 se aprofundando por total falta de demanda, os reajustes de pre\u00e7os perder\u00e3o for\u00e7a de uma tal forma que o BC ter\u00e1 que pisar no acelerador dos cortes de juros para evitar nova retra\u00e7\u00e3o do PIB em 2017.<\/p>\n","protected":false},"excerpt":{"rendered":"<p>Nas \u00faltimas semanas, o Banco Central fez quest\u00e3o de manter uma postura cautelosa. Tudo estrategicamente pensado para consolidar no mercado a vis\u00e3o de que o corte da taxa b\u00e1sica de juros (Selic) ser\u00e1 lento e muito gradual. N\u00e3o por acaso, consolidou-se um quase consenso de queda de 0,25 ponto percentual no indicador nesta quarta-feira. &nbsp; [&hellip;]<\/p>\n","protected":false},"author":22,"featured_media":0,"comment_status":"open","ping_status":"closed","sticky":false,"template":"","format":"standard","meta":{"footnotes":""},"categories":[600],"tags":[],"class_list":["post-3713","post","type-post","status-publish","format-standard","hentry","category-economia"],"_links":{"self":[{"href":"https:\/\/blogs.correiobraziliense.com.br\/vicente\/wp-json\/wp\/v2\/posts\/3713","targetHints":{"allow":["GET"]}}],"collection":[{"href":"https:\/\/blogs.correiobraziliense.com.br\/vicente\/wp-json\/wp\/v2\/posts"}],"about":[{"href":"https:\/\/blogs.correiobraziliense.com.br\/vicente\/wp-json\/wp\/v2\/types\/post"}],"author":[{"embeddable":true,"href":"https:\/\/blogs.correiobraziliense.com.br\/vicente\/wp-json\/wp\/v2\/users\/22"}],"replies":[{"embeddable":true,"href":"https:\/\/blogs.correiobraziliense.com.br\/vicente\/wp-json\/wp\/v2\/comments?post=3713"}],"version-history":[{"count":3,"href":"https:\/\/blogs.correiobraziliense.com.br\/vicente\/wp-json\/wp\/v2\/posts\/3713\/revisions"}],"predecessor-version":[{"id":3716,"href":"https:\/\/blogs.correiobraziliense.com.br\/vicente\/wp-json\/wp\/v2\/posts\/3713\/revisions\/3716"}],"wp:attachment":[{"href":"https:\/\/blogs.correiobraziliense.com.br\/vicente\/wp-json\/wp\/v2\/media?parent=3713"}],"wp:term":[{"taxonomy":"category","embeddable":true,"href":"https:\/\/blogs.correiobraziliense.com.br\/vicente\/wp-json\/wp\/v2\/categories?post=3713"},{"taxonomy":"post_tag","embeddable":true,"href":"https:\/\/blogs.correiobraziliense.com.br\/vicente\/wp-json\/wp\/v2\/tags?post=3713"}],"curies":[{"name":"wp","href":"https:\/\/api.w.org\/{rel}","templated":true}]}}