{"id":3699,"date":"2016-11-25T11:22:58","date_gmt":"2016-11-25T13:22:58","guid":{"rendered":"https:\/\/blogs.correiobraziliense.com.br\/vicente\/?p=3699"},"modified":"2016-11-25T22:20:04","modified_gmt":"2016-11-26T00:20:04","slug":"mesmo-com-geddel-fora-do-governo-temer-se-enfraquece-e-corre-o-risco-de-virar-um-sarney","status":"publish","type":"post","link":"https:\/\/blogs.correiobraziliense.com.br\/vicente\/mesmo-com-geddel-fora-do-governo-temer-se-enfraquece-e-corre-o-risco-de-virar-um-sarney\/","title":{"rendered":"Mesmo com Geddel fora do governo, Temer se enfraquece e corre o risco de virar um Sarney"},"content":{"rendered":"<p>A demora do presidente Michel Temer em demitir Geddel Vieira Lima de seu minist\u00e9rio minou a credibilidade do governo. Temer se mostrou um presidente fraco, incapaz de extirpar um tumor que estava infestando toda a sua administra\u00e7\u00e3o. Desde o in\u00edcio, a escolha de Geddel foi um erro. Sua ficha corrida \u00e9 enorme, muito conhecida no meio pol\u00edtico.<\/p>\n<p>&nbsp;<\/p>\n<p>Ao pressionar o ent\u00e3o ministro da Cultura, Marcelo Calero, para que liberasse um empreendimento irregular, no qual havia comprado um apartamento de R$ 2,5 milh\u00f5es, Geddel mostrou o quando despreza a coisa p\u00fablica. Na vis\u00e3o dele, o governo era seu butim, no qual prevalecia seus interesses pessoais em detrimento dos anseios da coletividade.<\/p>\n<p>&nbsp;<\/p>\n<p>Assim que Calero relatou a press\u00e3o de Geddel, o presidente j\u00e1 deveria ter demitido seu secret\u00e1rio de governo. Naquele momento, cortaria o mal pela raiz. Mas preferiu passar a m\u00e3o na cabe\u00e7a do subordinado, como se o crime que ele estava cometendo fosse apenas uma peraltice de um menino mimado.<\/p>\n<p>&nbsp;<\/p>\n<p>Essa postura de Temer o faz lembrar seu colega de partido, o ex-presidente Jos\u00e9 Sarney, que perdeu totalmente o controle de seu governo.<\/p>\n<p>&nbsp;<\/p>\n<p>Quando substituiu Dilma Rousseff, muitos analistas diziam que Temer teria a chance de se tornar um novo Itamar Franco, que conseguiu fazer reformas importantes e patrocinar o Plano Real, ou de se assemelhar a Sarney. Pelo visto, est\u00e1 mais pr\u00f3ximo da segunda op\u00e7\u00e3o.<\/p>\n<p>&nbsp;<\/p>\n<p><strong>Atraso nas reformas<\/strong><\/p>\n<p>&nbsp;<\/p>\n<p>O maior temor dos investidores \u00e9 de que, enfraquecido, Temer n\u00e3o consiga levar adiante as reformas t\u00e3o necess\u00e1rias para o pa\u00eds crescer. Mesmo que consiga aprovar a Proposta de Emenda \u00e0 Constitui\u00e7\u00e3o (PEC) que limita o aumenta de gastos \u00e0 infla\u00e7\u00e3o do ano anterior, pouco conseguir\u00e1 fazer se n\u00e3o levar adiante a reforma da Previd\u00eancia, que exigir\u00e1 um apoio brutal do Congresso.<\/p>\n<p>&nbsp;<\/p>\n<p>Temer carrega o peso de parte da popula\u00e7\u00e3o o considerar ileg\u00edtimo para o cargo. Muitos o acusam de golpista. Com as den\u00fancias de corrup\u00e7\u00e3o proliferando no governo, ser\u00e1 dif\u00edcil aglutinar apoio. N\u00e3o custa lembrar que dois de seus mais pr\u00f3ximos auxiliares, Eliseu Padilha (Casa Civil) e Moreira Franco (respons\u00e1vel pelos programas de concess\u00f5es), est\u00e3o encrencados. Padilha, enrolado nas den\u00fancias de Calero, e Moreira, citado na Opera\u00e7\u00e3o Lava-Jato.<\/p>\n<p>&nbsp;<\/p>\n<p>De olho em todos esses detalhes, os mercados est\u00e3o enlouquecidos. A Bolsa de Valores de S\u00e3o Paulo (BM&amp;FBovespa) desabou quase 1,5% e o d\u00f3lar sobe mais de 1%. A tens\u00e3o \u00e9 enorme entre os investidores.<\/p>\n","protected":false},"excerpt":{"rendered":"<p>A demora do presidente Michel Temer em demitir Geddel Vieira Lima de seu minist\u00e9rio minou a credibilidade do governo. Temer se mostrou um presidente fraco, incapaz de extirpar um tumor que estava infestando toda a sua administra\u00e7\u00e3o. Desde o in\u00edcio, a escolha de Geddel foi um erro. Sua ficha corrida \u00e9 enorme, muito conhecida no [&hellip;]<\/p>\n","protected":false},"author":22,"featured_media":0,"comment_status":"open","ping_status":"closed","sticky":false,"template":"","format":"standard","meta":{"footnotes":""},"categories":[600],"tags":[1562,1561,255,11,725,1022,111,1560],"class_list":["post-3699","post","type-post","status-publish","format-standard","hentry","category-economia","tag-5-milhoes-em-salvador","tag-apartamento-de-r-2","tag-corrupcao","tag-dilma-rousseff","tag-geddel-vieira-lima","tag-marcelo-calero","tag-michel-temer","tag-presidente-sem-legitimidade"],"_links":{"self":[{"href":"https:\/\/blogs.correiobraziliense.com.br\/vicente\/wp-json\/wp\/v2\/posts\/3699","targetHints":{"allow":["GET"]}}],"collection":[{"href":"https:\/\/blogs.correiobraziliense.com.br\/vicente\/wp-json\/wp\/v2\/posts"}],"about":[{"href":"https:\/\/blogs.correiobraziliense.com.br\/vicente\/wp-json\/wp\/v2\/types\/post"}],"author":[{"embeddable":true,"href":"https:\/\/blogs.correiobraziliense.com.br\/vicente\/wp-json\/wp\/v2\/users\/22"}],"replies":[{"embeddable":true,"href":"https:\/\/blogs.correiobraziliense.com.br\/vicente\/wp-json\/wp\/v2\/comments?post=3699"}],"version-history":[{"count":6,"href":"https:\/\/blogs.correiobraziliense.com.br\/vicente\/wp-json\/wp\/v2\/posts\/3699\/revisions"}],"predecessor-version":[{"id":3708,"href":"https:\/\/blogs.correiobraziliense.com.br\/vicente\/wp-json\/wp\/v2\/posts\/3699\/revisions\/3708"}],"wp:attachment":[{"href":"https:\/\/blogs.correiobraziliense.com.br\/vicente\/wp-json\/wp\/v2\/media?parent=3699"}],"wp:term":[{"taxonomy":"category","embeddable":true,"href":"https:\/\/blogs.correiobraziliense.com.br\/vicente\/wp-json\/wp\/v2\/categories?post=3699"},{"taxonomy":"post_tag","embeddable":true,"href":"https:\/\/blogs.correiobraziliense.com.br\/vicente\/wp-json\/wp\/v2\/tags?post=3699"}],"curies":[{"name":"wp","href":"https:\/\/api.w.org\/{rel}","templated":true}]}}