{"id":3697,"date":"2016-11-24T23:05:20","date_gmt":"2016-11-25T01:05:20","guid":{"rendered":"https:\/\/blogs.correiobraziliense.com.br\/vicente\/?p=3697"},"modified":"2016-11-24T23:52:41","modified_gmt":"2016-11-25T01:52:41","slug":"investidores-ja-temem-pelo-futuro-do-governo-temer","status":"publish","type":"post","link":"https:\/\/blogs.correiobraziliense.com.br\/vicente\/investidores-ja-temem-pelo-futuro-do-governo-temer\/","title":{"rendered":"Investidores j\u00e1 temem pelo futuro do governo Temer"},"content":{"rendered":"<p>As acusa\u00e7\u00f5es feitas por Marcelo Calero, ex-ministro da Cultura, contra o presidente Michel Temer deixaram os investidores em p\u00e2nico. H\u00e1 o temor de que o sucessor de Dilma Rousseff se enfraque\u00e7a de uma tal forma que seu governo se transforme em um zumbi.<\/p>\n<p>&nbsp;<\/p>\n<p>N\u00e3o h\u00e1 d\u00favidas de que as acusa\u00e7\u00f5es de Calero s\u00e3o fortes. Ele disse \u00e0 Pol\u00edcia Federal que Temer o havia &#8220;enquadrado&#8221; para atender um pedido do ministro da Secretaria de Governo, Geddel Vieira Lima, que quer liberar a constru\u00e7\u00e3o de um pr\u00e9dio em \u00e1rea tombada em Salvador. Geddel comprou um apartamento no edif\u00edcio.<\/p>\n<p>&nbsp;<\/p>\n<p>Na vis\u00e3o dos investidores, Temer se mostrou um presidente fraco ao n\u00e3o se livrar logo de Geddel. Ao optar pelo deixa disso, s\u00f3 alimentou uma crise que tinha tudo para dar mal. Agora, est\u00e1 no centro dela, o que lhe custar\u00e1 muito caro. Temer mostrou uma depend\u00eancia exagerada de Geddel, cuja ficha corrida assusta todo mundo. Essa liga\u00e7\u00e3o perigosa deu margens para todo tipo de especula\u00e7\u00e3o.<\/p>\n<p>&nbsp;<\/p>\n<p>O mais assustador, ressaltam investidores, \u00e9 que toda a turbul\u00eancia provocada pelas den\u00fancias de Calero ocorre em meio ao fechamento das dela\u00e7\u00f5es premiadas da Odebrecht, que prometem varrer uma penca de pol\u00edticos do mapa.<\/p>\n<p>&nbsp;<\/p>\n<p>O clima de calmaria que todos esperavam com a vit\u00f3ria do governo ao aprovar a Proposta de Emenda \u00e0 Constitui\u00e7\u00e3o (PEC) que limita o aumento de gastos foi para o espa\u00e7o. O melhor a ser feito \u00e9 se preparar para grandes emo\u00e7\u00f5es. O Brasil, infelizmente, deixou de ser um pa\u00eds para amadores. Haja cora\u00e7\u00e3o!<\/p>\n<p>&nbsp;<\/p>\n<p><i>Bras\u00edlia, 23h05min<\/i><\/p>\n","protected":false},"excerpt":{"rendered":"<p>As acusa\u00e7\u00f5es feitas por Marcelo Calero, ex-ministro da Cultura, contra o presidente Michel Temer deixaram os investidores em p\u00e2nico. H\u00e1 o temor de que o sucessor de Dilma Rousseff se enfraque\u00e7a de uma tal forma que seu governo se transforme em um zumbi. &nbsp; N\u00e3o h\u00e1 d\u00favidas de que as acusa\u00e7\u00f5es de Calero s\u00e3o fortes. [&hellip;]<\/p>\n","protected":false},"author":22,"featured_media":0,"comment_status":"open","ping_status":"closed","sticky":false,"template":"","format":"standard","meta":{"footnotes":""},"categories":[600],"tags":[1559,1558,725,1022,111,126],"class_list":["post-3697","post","type-post","status-publish","format-standard","hentry","category-economia","tag-apartamento-em-salvador","tag-denuncias-de-corrupcao","tag-geddel-vieira-lima","tag-marcelo-calero","tag-michel-temer","tag-policia-federal"],"_links":{"self":[{"href":"https:\/\/blogs.correiobraziliense.com.br\/vicente\/wp-json\/wp\/v2\/posts\/3697","targetHints":{"allow":["GET"]}}],"collection":[{"href":"https:\/\/blogs.correiobraziliense.com.br\/vicente\/wp-json\/wp\/v2\/posts"}],"about":[{"href":"https:\/\/blogs.correiobraziliense.com.br\/vicente\/wp-json\/wp\/v2\/types\/post"}],"author":[{"embeddable":true,"href":"https:\/\/blogs.correiobraziliense.com.br\/vicente\/wp-json\/wp\/v2\/users\/22"}],"replies":[{"embeddable":true,"href":"https:\/\/blogs.correiobraziliense.com.br\/vicente\/wp-json\/wp\/v2\/comments?post=3697"}],"version-history":[{"count":1,"href":"https:\/\/blogs.correiobraziliense.com.br\/vicente\/wp-json\/wp\/v2\/posts\/3697\/revisions"}],"predecessor-version":[{"id":3698,"href":"https:\/\/blogs.correiobraziliense.com.br\/vicente\/wp-json\/wp\/v2\/posts\/3697\/revisions\/3698"}],"wp:attachment":[{"href":"https:\/\/blogs.correiobraziliense.com.br\/vicente\/wp-json\/wp\/v2\/media?parent=3697"}],"wp:term":[{"taxonomy":"category","embeddable":true,"href":"https:\/\/blogs.correiobraziliense.com.br\/vicente\/wp-json\/wp\/v2\/categories?post=3697"},{"taxonomy":"post_tag","embeddable":true,"href":"https:\/\/blogs.correiobraziliense.com.br\/vicente\/wp-json\/wp\/v2\/tags?post=3697"}],"curies":[{"name":"wp","href":"https:\/\/api.w.org\/{rel}","templated":true}]}}