{"id":3692,"date":"2016-11-24T19:10:45","date_gmt":"2016-11-24T21:10:45","guid":{"rendered":"https:\/\/blogs.correiobraziliense.com.br\/vicente\/?p=3692"},"modified":"2016-11-24T19:36:13","modified_gmt":"2016-11-24T21:36:13","slug":"governo-aumenta-para-r-950-mil-valor-de-imovel-que-pode-ser-comprado-com-o-fgts","status":"publish","type":"post","link":"https:\/\/blogs.correiobraziliense.com.br\/vicente\/governo-aumenta-para-r-950-mil-valor-de-imovel-que-pode-ser-comprado-com-o-fgts\/","title":{"rendered":"Governo aumenta para R$ 950 mil valor de im\u00f3vel que pode ser comprado com o FGTS"},"content":{"rendered":"<p>O Conselho Monet\u00e1rio Nacional (CMN) aprovou hoje o valor m\u00e1ximo dos im\u00f3veis que podem ser comprados com recursos do Fundo de Garantia do Tempo de Servi\u00e7o (FGTS). No Distrito Federal, em S\u00e3o Paulo, em Minas Gerais e no Rio de Janeiro, esse limite subiu de R$ 750 mil para R$ 950 mil. Nas demais unidades da federa\u00e7\u00e3o, o teto passou para R$ 800 mil.<\/p>\n<p>&nbsp;<\/p>\n<p>A meta do governo, com esse aumento, \u00e9 estimular a compra de im\u00f3veis, sobretudo novos, j\u00e1 que o estoque nas construtoras \u00e9 enorme. Para a equipe econ\u00f4mica, o mercado imobili\u00e1rio \u00e9 vital para a retomada da economia. Hoje, com tantos im\u00f3veis encalhados, n\u00e3o h\u00e1 obras nem lan\u00e7amentos, incrementando o desemprego. O setor \u00e9 o que mais emprega m\u00e3o de obra menos qualificada.<\/p>\n<p>&nbsp;<\/p>\n<p>Em setembro, o mesmo CMN havia elevado, de forma tempor\u00e1ria, o teto para a compra da casa pr\u00f3pria por meio do Sistema Financeiro de Habita\u00e7\u00e3o (SFH), pelo qual se pode usar o FGTS, para R$ 1,5 milh\u00e3o. Os novos valores s\u00e3o definitivos.<\/p>\n<p>&nbsp;<\/p>\n<p><em>Bras\u00edlia, 19h10min<\/em><\/p>\n","protected":false},"excerpt":{"rendered":"<p>O Conselho Monet\u00e1rio Nacional (CMN) aprovou hoje o valor m\u00e1ximo dos im\u00f3veis que podem ser comprados com recursos do Fundo de Garantia do Tempo de Servi\u00e7o (FGTS). No Distrito Federal, em S\u00e3o Paulo, em Minas Gerais e no Rio de Janeiro, esse limite subiu de R$ 750 mil para R$ 950 mil. Nas demais unidades [&hellip;]<\/p>\n","protected":false},"author":22,"featured_media":0,"comment_status":"open","ping_status":"closed","sticky":false,"template":"","format":"standard","meta":{"footnotes":""},"categories":[600],"tags":[1555,1176,507,1554,1340,1557,1556],"class_list":["post-3692","post","type-post","status-publish","format-standard","hentry","category-economia","tag-aumento-do-teto-de-financiamento","tag-casa-propria","tag-fgts","tag-imoveis","tag-r-750-mil","tag-r-950-mil","tag-sistema-financeiro-de-habitacao"],"_links":{"self":[{"href":"https:\/\/blogs.correiobraziliense.com.br\/vicente\/wp-json\/wp\/v2\/posts\/3692","targetHints":{"allow":["GET"]}}],"collection":[{"href":"https:\/\/blogs.correiobraziliense.com.br\/vicente\/wp-json\/wp\/v2\/posts"}],"about":[{"href":"https:\/\/blogs.correiobraziliense.com.br\/vicente\/wp-json\/wp\/v2\/types\/post"}],"author":[{"embeddable":true,"href":"https:\/\/blogs.correiobraziliense.com.br\/vicente\/wp-json\/wp\/v2\/users\/22"}],"replies":[{"embeddable":true,"href":"https:\/\/blogs.correiobraziliense.com.br\/vicente\/wp-json\/wp\/v2\/comments?post=3692"}],"version-history":[{"count":1,"href":"https:\/\/blogs.correiobraziliense.com.br\/vicente\/wp-json\/wp\/v2\/posts\/3692\/revisions"}],"predecessor-version":[{"id":3693,"href":"https:\/\/blogs.correiobraziliense.com.br\/vicente\/wp-json\/wp\/v2\/posts\/3692\/revisions\/3693"}],"wp:attachment":[{"href":"https:\/\/blogs.correiobraziliense.com.br\/vicente\/wp-json\/wp\/v2\/media?parent=3692"}],"wp:term":[{"taxonomy":"category","embeddable":true,"href":"https:\/\/blogs.correiobraziliense.com.br\/vicente\/wp-json\/wp\/v2\/categories?post=3692"},{"taxonomy":"post_tag","embeddable":true,"href":"https:\/\/blogs.correiobraziliense.com.br\/vicente\/wp-json\/wp\/v2\/tags?post=3692"}],"curies":[{"name":"wp","href":"https:\/\/api.w.org\/{rel}","templated":true}]}}