{"id":3690,"date":"2016-11-24T17:35:52","date_gmt":"2016-11-24T19:35:52","guid":{"rendered":"https:\/\/blogs.correiobraziliense.com.br\/vicente\/?p=3690"},"modified":"2016-11-24T19:15:32","modified_gmt":"2016-11-24T21:15:32","slug":"prefeito-de-belo-horizonte-e-joao-doria-articulam-proposta-para-aumento-de-imposto-sobre-gasolina","status":"publish","type":"post","link":"https:\/\/blogs.correiobraziliense.com.br\/vicente\/prefeito-de-belo-horizonte-e-joao-doria-articulam-proposta-para-aumento-de-imposto-sobre-gasolina\/","title":{"rendered":"Prefeito de Belo Horizonte e Jo\u00e3o D\u00f3ria articulam proposta para aumento de imposto sobre a gasolina"},"content":{"rendered":"<p>No que depender do prefeito de Belo Horizonte, M\u00e1rcio Lacerda (PPS), e do futuro prefeito de S\u00e3o Paulo, os pre\u00e7os da gasolina v\u00e3o subir. Eles est\u00e3o articulando com o presidente Michel Temer uma Proposta de Emenda \u00e0 Constitui\u00e7\u00e3o (PEC) que sobretaxar\u00e1 o combust\u00edvel em R$ 0,05 por litro para financiar os munic\u00edpios.<\/p>\n<p>&nbsp;<\/p>\n<p>Em um evento sobre transportes realizado hoje no Rio de Janeiro, Lacerda disse que tudo est\u00e1 bem encaminhado com Temer. Ele alegou que o novo imposto \u00e9 fundamental para ajudar a tirar as prefeituras da pen\u00faria na qual est\u00e3o mergulhadas.<\/p>\n<p>&nbsp;<\/p>\n<p>O interessante \u00e9 que, em nenhum momento, Lacerda falou em corte de gastos, em busca de efici\u00eancia e em aumento de produtividade. Como sempre, na cabe\u00e7a dos pol\u00edticos, a fatura da inefici\u00eancia deve sempre cair no colo da popula\u00e7\u00e3o.<\/p>\n<p>&nbsp;<\/p>\n<p><em>Bras\u00edlia, 17h35min\u00a0<\/em><\/p>\n","protected":false},"excerpt":{"rendered":"<p>No que depender do prefeito de Belo Horizonte, M\u00e1rcio Lacerda (PPS), e do futuro prefeito de S\u00e3o Paulo, os pre\u00e7os da gasolina v\u00e3o subir. Eles est\u00e3o articulando com o presidente Michel Temer uma Proposta de Emenda \u00e0 Constitui\u00e7\u00e3o (PEC) que sobretaxar\u00e1 o combust\u00edvel em R$ 0,05 por litro para financiar os munic\u00edpios. &nbsp; Em um [&hellip;]<\/p>\n","protected":false},"author":22,"featured_media":0,"comment_status":"open","ping_status":"closed","sticky":false,"template":"","format":"standard","meta":{"footnotes":""},"categories":[600],"tags":[1550,1547,1552,268,1551,1548,111,204,1549,1553],"class_list":["post-3690","post","type-post","status-publish","format-standard","hentry","category-economia","tag-1550","tag-aumento-de-impostos","tag-belo-horizonte","tag-gasolina","tag-joao-doria","tag-marcio-lacerda","tag-michel-temer","tag-pec","tag-r-0","tag-sao-paulo"],"_links":{"self":[{"href":"https:\/\/blogs.correiobraziliense.com.br\/vicente\/wp-json\/wp\/v2\/posts\/3690","targetHints":{"allow":["GET"]}}],"collection":[{"href":"https:\/\/blogs.correiobraziliense.com.br\/vicente\/wp-json\/wp\/v2\/posts"}],"about":[{"href":"https:\/\/blogs.correiobraziliense.com.br\/vicente\/wp-json\/wp\/v2\/types\/post"}],"author":[{"embeddable":true,"href":"https:\/\/blogs.correiobraziliense.com.br\/vicente\/wp-json\/wp\/v2\/users\/22"}],"replies":[{"embeddable":true,"href":"https:\/\/blogs.correiobraziliense.com.br\/vicente\/wp-json\/wp\/v2\/comments?post=3690"}],"version-history":[{"count":1,"href":"https:\/\/blogs.correiobraziliense.com.br\/vicente\/wp-json\/wp\/v2\/posts\/3690\/revisions"}],"predecessor-version":[{"id":3691,"href":"https:\/\/blogs.correiobraziliense.com.br\/vicente\/wp-json\/wp\/v2\/posts\/3690\/revisions\/3691"}],"wp:attachment":[{"href":"https:\/\/blogs.correiobraziliense.com.br\/vicente\/wp-json\/wp\/v2\/media?parent=3690"}],"wp:term":[{"taxonomy":"category","embeddable":true,"href":"https:\/\/blogs.correiobraziliense.com.br\/vicente\/wp-json\/wp\/v2\/categories?post=3690"},{"taxonomy":"post_tag","embeddable":true,"href":"https:\/\/blogs.correiobraziliense.com.br\/vicente\/wp-json\/wp\/v2\/tags?post=3690"}],"curies":[{"name":"wp","href":"https:\/\/api.w.org\/{rel}","templated":true}]}}