{"id":3662,"date":"2016-11-21T09:48:12","date_gmt":"2016-11-21T11:48:12","guid":{"rendered":"https:\/\/blogs.correiobraziliense.com.br\/vicente\/?p=3662"},"modified":"2016-11-21T09:48:12","modified_gmt":"2016-11-21T11:48:12","slug":"economia-do-bb-com-restruturacao-pode-chegar-r-38-bilhoes","status":"publish","type":"post","link":"https:\/\/blogs.correiobraziliense.com.br\/vicente\/economia-do-bb-com-restruturacao-pode-chegar-r-38-bilhoes\/","title":{"rendered":"Economia do BB com reestrutura\u00e7\u00e3o pode chegar a R$ 3,8 bilh\u00f5es"},"content":{"rendered":"<p class=\"p1\">POR ANTONIO TEM\u00d3TEO<\/p>\n<p class=\"p1\">\n<p class=\"p1\">A ades\u00e3o de at\u00e9 18 mil funcion\u00e1rios do Banco do Brasil (BB) ao plano de aposentadoria incentivada (PAI) tem potencial para reduzir em at\u00e9 R$ 3 bilh\u00f5es os gastos da institui\u00e7\u00e3o financeira com pessoal. A economia total do banco pode chegar a R$ 3,8 bilh\u00f5es se somado a redu\u00e7\u00e3o de despesas administrativas. Os dados foram divulgados nesta manh\u00e3 (21\/11) pelo presidente do BB, Paulo Rog\u00e9rio Caffarelli.<\/p>\n<p class=\"p1\">\n<p class=\"p1\">Assim como o <b>Blog<\/b> antecipou, ele detalha que as medidas fazem parte do processo de reestrutura\u00e7\u00e3o do BB, que gasta, em m\u00e9dia, R$ 3 bilh\u00f5es a mais do que os concorrentes com a folha de pessoal. &#8220;O desafio \u00e9<span class=\"Apple-converted-space\">\u00a0 <\/span>fazer uma s\u00e9rie medidas para tornar o banco mais rent\u00e1vel, por meio da redu\u00e7\u00e3o de despesas e de processos, em busca de uma efici\u00eancia operacional e adequar o banco a nova realidade&#8221;, afirma.<\/p>\n<p class=\"p1\">\n<p class=\"p1\">Cafarrelli ainda explica que o BB tem como meta chegar em 2019 com \u00edndice de capital principal de 9,5%, referente as normas de Basil\u00e9ia. Atualmente, est\u00e1 em 9,07% e o m\u00ednimo regulat\u00f3rio para a institui\u00e7\u00e3o financeira \u00e9 de 8%. &#8220;Queremos atingir essa meta em julho de 2017 e estamos trabalhando nesse sentido sem contar com aporte do Tesouro Nacional. As medidas divulgadas tem papel fundamental nesse movimento&#8221;, comenta.<\/p>\n<p class=\"p1\">\n<p class=\"p1\">Al\u00e9m do incentivo a aposentadoria, o banco oferecer\u00e1 aos empregados a possibilidade de reduzir a jornada de trabalho de oito para seis horas. Com isso, o sal\u00e1rio ser\u00e1 reduzido, em m\u00e9dia, 16,25%. A meta \u00e9 que seis mil funcion\u00e1rios alteram sua jornada di\u00e1ria de trabalho. Por enquanto, novos concursos para o banco est\u00e3o suspensos e essa possibilidade s\u00f3 ser\u00e1 estudada a partir de 2017, se houver a necessidade reposi\u00e7\u00e3o de vagas ap\u00f3s a conclus\u00e3o de todo o processo de restrutura\u00e7\u00e3o.<\/p>\n","protected":false},"excerpt":{"rendered":"<p>POR ANTONIO TEM\u00d3TEO A ades\u00e3o de at\u00e9 18 mil funcion\u00e1rios do Banco do Brasil (BB) ao plano de aposentadoria incentivada (PAI) tem potencial para reduzir em at\u00e9 R$ 3 bilh\u00f5es os gastos da institui\u00e7\u00e3o financeira com pessoal. A economia total do banco pode chegar a R$ 3,8 bilh\u00f5es se somado a redu\u00e7\u00e3o de despesas administrativas. [&hellip;]<\/p>\n","protected":false},"author":22,"featured_media":0,"comment_status":"open","ping_status":"closed","sticky":false,"template":"","format":"standard","meta":{"footnotes":""},"categories":[600],"tags":[1526,229,1527,1530,1529,1528,295],"class_list":["post-3662","post","type-post","status-publish","format-standard","hentry","category-economia","tag-aposentadoria-incentivada","tag-banco-do-brasil","tag-basileia","tag-jornada-de-6-horas","tag-pai","tag-plano-de-aposentadoria-incentivada","tag-reestruturacao"],"_links":{"self":[{"href":"https:\/\/blogs.correiobraziliense.com.br\/vicente\/wp-json\/wp\/v2\/posts\/3662","targetHints":{"allow":["GET"]}}],"collection":[{"href":"https:\/\/blogs.correiobraziliense.com.br\/vicente\/wp-json\/wp\/v2\/posts"}],"about":[{"href":"https:\/\/blogs.correiobraziliense.com.br\/vicente\/wp-json\/wp\/v2\/types\/post"}],"author":[{"embeddable":true,"href":"https:\/\/blogs.correiobraziliense.com.br\/vicente\/wp-json\/wp\/v2\/users\/22"}],"replies":[{"embeddable":true,"href":"https:\/\/blogs.correiobraziliense.com.br\/vicente\/wp-json\/wp\/v2\/comments?post=3662"}],"version-history":[{"count":1,"href":"https:\/\/blogs.correiobraziliense.com.br\/vicente\/wp-json\/wp\/v2\/posts\/3662\/revisions"}],"predecessor-version":[{"id":3663,"href":"https:\/\/blogs.correiobraziliense.com.br\/vicente\/wp-json\/wp\/v2\/posts\/3662\/revisions\/3663"}],"wp:attachment":[{"href":"https:\/\/blogs.correiobraziliense.com.br\/vicente\/wp-json\/wp\/v2\/media?parent=3662"}],"wp:term":[{"taxonomy":"category","embeddable":true,"href":"https:\/\/blogs.correiobraziliense.com.br\/vicente\/wp-json\/wp\/v2\/categories?post=3662"},{"taxonomy":"post_tag","embeddable":true,"href":"https:\/\/blogs.correiobraziliense.com.br\/vicente\/wp-json\/wp\/v2\/tags?post=3662"}],"curies":[{"name":"wp","href":"https:\/\/api.w.org\/{rel}","templated":true}]}}