{"id":3632,"date":"2016-11-18T19:36:45","date_gmt":"2016-11-18T21:36:45","guid":{"rendered":"https:\/\/blogs.correiobraziliense.com.br\/vicente\/?p=3632"},"modified":"2016-11-18T19:56:59","modified_gmt":"2016-11-18T21:56:59","slug":"justica-federal-suspende-venda-de-seguros-da-youse","status":"publish","type":"post","link":"https:\/\/blogs.correiobraziliense.com.br\/vicente\/justica-federal-suspende-venda-de-seguros-da-youse\/","title":{"rendered":"Justi\u00e7a Federal suspende venda de seguros da Youse"},"content":{"rendered":"<p class=\"p1\">POR ANTONIO TEM\u00d3TEO<\/p>\n<p class=\"p1\">O\u00a0juiz Alberto Nogueira J\u00fanior, da 10\u00aa Vara Federal do Rio de Janeiro, determinou que a Youse Seguradora deve suspender a oferta, a venda e os an\u00fancios de produtos da marca. Al\u00e9m disso, o magistrado decidiu que a companha est\u00e1 proibida de angariar novos consumidores, bem como de renovar os contratos atualmente em vigor. Pela decis\u00e3o, a empresa ter\u00e1 de suspender as cobran\u00e7as das ap\u00f3lices j\u00e1 comercializadas e dever\u00e1 encaminhar aos consumidores informando o teor da liminar.<\/p>\n<p class=\"p1\">A decis\u00e3o \u00e9 mais cap\u00edtulo da guerra travada entre a Youse, empresa que pertence a Caixa Seguradora, e a Federa\u00e7\u00e3o Nacional dos Corretores de Seguros Privados (Fenacor), que ingressou com a\u00e7\u00e3o na Justi\u00e7a Federal. A Superintend\u00eancia Nacional de Seguros Privados (Susep) tamb\u00e9m dever\u00e1 ser notificada sobre a liminar.<\/p>\n<p class=\"p1\">O magistrado justificou sua decis\u00e3o ao afirmar que &#8220;os consumidores n\u00e3o podem ser deixados em<span class=\"Apple-converted-space\">\u00a0 <\/span>estado de inseguran\u00e7a e de risco, sem que os produtos oferecidos e os servi\u00e7os prestados sejam realizados por profissionais devidamente habilitados por lei (corretores de seguros)&#8221;.<span class=\"Apple-converted-space\">\u00a0 <\/span>Procurada, a Youse informou que n\u00e3o comentaria a decis\u00e3o.<\/p>\n","protected":false},"excerpt":{"rendered":"<p>POR ANTONIO TEM\u00d3TEO O\u00a0juiz Alberto Nogueira J\u00fanior, da 10\u00aa Vara Federal do Rio de Janeiro, determinou que a Youse Seguradora deve suspender a oferta, a venda e os an\u00fancios de produtos da marca. Al\u00e9m disso, o magistrado decidiu que a companha est\u00e1 proibida de angariar novos consumidores, bem como de renovar os contratos atualmente em [&hellip;]<\/p>\n","protected":false},"author":22,"featured_media":0,"comment_status":"open","ping_status":"closed","sticky":false,"template":"","format":"standard","meta":{"footnotes":""},"categories":[600],"tags":[1514,1517,1513,282,326,1515,1516,775,1512],"class_list":["post-3632","post","type-post","status-publish","format-standard","hentry","category-economia","tag-corretores","tag-decisao","tag-fenacor","tag-justica","tag-liminar","tag-seguros","tag-seguros-privados","tag-susep","tag-youse"],"_links":{"self":[{"href":"https:\/\/blogs.correiobraziliense.com.br\/vicente\/wp-json\/wp\/v2\/posts\/3632","targetHints":{"allow":["GET"]}}],"collection":[{"href":"https:\/\/blogs.correiobraziliense.com.br\/vicente\/wp-json\/wp\/v2\/posts"}],"about":[{"href":"https:\/\/blogs.correiobraziliense.com.br\/vicente\/wp-json\/wp\/v2\/types\/post"}],"author":[{"embeddable":true,"href":"https:\/\/blogs.correiobraziliense.com.br\/vicente\/wp-json\/wp\/v2\/users\/22"}],"replies":[{"embeddable":true,"href":"https:\/\/blogs.correiobraziliense.com.br\/vicente\/wp-json\/wp\/v2\/comments?post=3632"}],"version-history":[{"count":3,"href":"https:\/\/blogs.correiobraziliense.com.br\/vicente\/wp-json\/wp\/v2\/posts\/3632\/revisions"}],"predecessor-version":[{"id":3635,"href":"https:\/\/blogs.correiobraziliense.com.br\/vicente\/wp-json\/wp\/v2\/posts\/3632\/revisions\/3635"}],"wp:attachment":[{"href":"https:\/\/blogs.correiobraziliense.com.br\/vicente\/wp-json\/wp\/v2\/media?parent=3632"}],"wp:term":[{"taxonomy":"category","embeddable":true,"href":"https:\/\/blogs.correiobraziliense.com.br\/vicente\/wp-json\/wp\/v2\/categories?post=3632"},{"taxonomy":"post_tag","embeddable":true,"href":"https:\/\/blogs.correiobraziliense.com.br\/vicente\/wp-json\/wp\/v2\/tags?post=3632"}],"curies":[{"name":"wp","href":"https:\/\/api.w.org\/{rel}","templated":true}]}}