{"id":3630,"date":"2016-11-18T17:37:38","date_gmt":"2016-11-18T19:37:38","guid":{"rendered":"https:\/\/blogs.correiobraziliense.com.br\/vicente\/?p=3630"},"modified":"2016-11-18T17:37:38","modified_gmt":"2016-11-18T19:37:38","slug":"aldo-mendes-sera-vice-presidente-de-financas-e-controladoria-da-caixa","status":"publish","type":"post","link":"https:\/\/blogs.correiobraziliense.com.br\/vicente\/aldo-mendes-sera-vice-presidente-de-financas-e-controladoria-da-caixa\/","title":{"rendered":"Aldo Mendes \u00e9 cotado para ser vice-presidente de Finan\u00e7as e Controladoria da Caixa"},"content":{"rendered":"<p>POR ANTONIO TEM\u00d3TEO<\/p>\n<p>&nbsp;<\/p>\n<p>O ex-diretor de Pol\u00edtica Monet\u00e1ria do Banco Central (BC) Aldo Mendes \u00e9 cotado para ser o vice-presidente de Finan\u00e7as e Controladoria da Caixa Econ\u00f4mica Federal. Empregado de carreira do Banco do Brasil, ele ocupou\u00a0as diretorias de Finan\u00e7as e de\u00a0Mercado da institui\u00e7\u00e3o financeira, al\u00e9m da\u00a0vice-presid\u00eancia de Finan\u00e7as, Mercado de Capitais e Rela\u00e7\u00f5es com Investidores.<\/p>\n<p>&nbsp;<\/p>\n<p>Mendes teria as b\u00ean\u00e7\u00e3os do ministro da Fazenda, Henrique Meirelles, com quem trabalhou durante sua gest\u00e3o como presidente do BC. Apesar de ter participado da desastrosa gest\u00e3o de Alexandre Tombini na autoridade monet\u00e1ria, ele \u00e9 visto como t\u00e9cnico competente.<\/p>\n","protected":false},"excerpt":{"rendered":"<p>POR ANTONIO TEM\u00d3TEO &nbsp; O ex-diretor de Pol\u00edtica Monet\u00e1ria do Banco Central (BC) Aldo Mendes \u00e9 cotado para ser o vice-presidente de Finan\u00e7as e Controladoria da Caixa Econ\u00f4mica Federal. Empregado de carreira do Banco do Brasil, ele ocupou\u00a0as diretorias de Finan\u00e7as e de\u00a0Mercado da institui\u00e7\u00e3o financeira, al\u00e9m da\u00a0vice-presid\u00eancia de Finan\u00e7as, Mercado de Capitais e Rela\u00e7\u00f5es [&hellip;]<\/p>\n","protected":false},"author":22,"featured_media":0,"comment_status":"open","ping_status":"closed","sticky":false,"template":"","format":"standard","meta":{"footnotes":""},"categories":[600],"tags":[1511,110,115],"class_list":["post-3630","post","type-post","status-publish","format-standard","hentry","category-economia","tag-aldo-mendes","tag-caixa","tag-caixa-economica-federal"],"_links":{"self":[{"href":"https:\/\/blogs.correiobraziliense.com.br\/vicente\/wp-json\/wp\/v2\/posts\/3630","targetHints":{"allow":["GET"]}}],"collection":[{"href":"https:\/\/blogs.correiobraziliense.com.br\/vicente\/wp-json\/wp\/v2\/posts"}],"about":[{"href":"https:\/\/blogs.correiobraziliense.com.br\/vicente\/wp-json\/wp\/v2\/types\/post"}],"author":[{"embeddable":true,"href":"https:\/\/blogs.correiobraziliense.com.br\/vicente\/wp-json\/wp\/v2\/users\/22"}],"replies":[{"embeddable":true,"href":"https:\/\/blogs.correiobraziliense.com.br\/vicente\/wp-json\/wp\/v2\/comments?post=3630"}],"version-history":[{"count":1,"href":"https:\/\/blogs.correiobraziliense.com.br\/vicente\/wp-json\/wp\/v2\/posts\/3630\/revisions"}],"predecessor-version":[{"id":3631,"href":"https:\/\/blogs.correiobraziliense.com.br\/vicente\/wp-json\/wp\/v2\/posts\/3630\/revisions\/3631"}],"wp:attachment":[{"href":"https:\/\/blogs.correiobraziliense.com.br\/vicente\/wp-json\/wp\/v2\/media?parent=3630"}],"wp:term":[{"taxonomy":"category","embeddable":true,"href":"https:\/\/blogs.correiobraziliense.com.br\/vicente\/wp-json\/wp\/v2\/categories?post=3630"},{"taxonomy":"post_tag","embeddable":true,"href":"https:\/\/blogs.correiobraziliense.com.br\/vicente\/wp-json\/wp\/v2\/tags?post=3630"}],"curies":[{"name":"wp","href":"https:\/\/api.w.org\/{rel}","templated":true}]}}