{"id":3628,"date":"2016-11-18T06:50:26","date_gmt":"2016-11-18T08:50:26","guid":{"rendered":"https:\/\/blogs.correiobraziliense.com.br\/vicente\/?p=3628"},"modified":"2016-11-18T11:31:55","modified_gmt":"2016-11-18T13:31:55","slug":"cabral-conduziu-governo-sob-os-pilares-da-corrupcao","status":"publish","type":"post","link":"https:\/\/blogs.correiobraziliense.com.br\/vicente\/cabral-conduziu-governo-sob-os-pilares-da-corrupcao\/","title":{"rendered":"Cabral conduziu governo sob os pilares da corrup\u00e7\u00e3o"},"content":{"rendered":"<p>A pris\u00e3o de S\u00e9rgio Cabral \u00e9 o cap\u00edtulo mais vergonhoso da hist\u00f3ria recente do Rio de Janeiro. Ao lev\u00e1-lo para tr\u00e1s das grades, a Pol\u00edcia Federal e o Minist\u00e9rio P\u00fablico puseram fim a uma era de engana\u00e7\u00e3o. Os dois mandatos do agora ocupante de uma cela no pres\u00eddio de Bangu 8 foram marcados pelo sentimento de grandeza do estado, de recupera\u00e7\u00e3o da autoestima da popula\u00e7\u00e3o local. Acreditou-se que, depois de anos de derrocada econ\u00f4mica, o Rio finalmente viveria dias de gl\u00f3ria. Tudo, por\u00e9m, foi constru\u00eddo em cima dos pilares da corrup\u00e7\u00e3o. Cabral e a quadrilha que ele chefiava saquearam o estado.<\/p>\n<p>&nbsp;<\/p>\n<p>Durante os dois governos de Cabral, o Rio foi a grande vitrine da alian\u00e7a entre o PT e o PMDB. O ex-governador chegou a ser cotado para vice na chapa encabe\u00e7ada por Dilma Rousseff. O ent\u00e3o presidente Lula tinha no peemedebista o seu maior aliado. Essa alian\u00e7a estrat\u00e9gica foi fundamental para que Cabral instalasse sua m\u00e1quina arrecadadora de propinas \u2014 ou de \u201coxig\u00eanio\u201d, como ele se referia ao adicional que cobrava sobre os contratos firmados pelo governo. O Pal\u00e1cio do Planalto facilitou muito a vida do esquema, que movimentou mais de R$ 220 milh\u00f5es, ao concentrar obras fara\u00f4nicas no estado.<\/p>\n<p>&nbsp;<\/p>\n<p>Cabral se sentiu t\u00e3o protegido, acima do bem e do mal, que n\u00e3o se intimidou em debochar da popula\u00e7\u00e3o. Com dancinhas em restaurantes na Fran\u00e7a, sempre acompanhado de empreiteiros que irrigavam o caixa da corrup\u00e7\u00e3o por ele comandado, posava de bom mo\u00e7o, entoando um discurso moralizador. H\u00e1bil, construiu uma importante barreira contra todas as den\u00fancias que teimavam em barrar seu caminho. Os eleitores insistiam em lhe dar apoio, seduzidos por uma postura populista. O ex-governador era apontado como aquele que havia conseguido reduzir a viol\u00eancia no Rio por meio das Unidades de Pol\u00edcia Pacificadora (UPPs) nas favelas, programa que, infelizmente, ruiu com o estado.<\/p>\n<p>&nbsp;<\/p>\n<p><strong>Terra arrasada<\/strong><\/p>\n<p>&nbsp;<\/p>\n<p>Cabral, por\u00e9m, \u00e9 apenas mais um dos muitos pol\u00edticos corruptos que passaram pelo governo do Rio. \u00c9 muito prov\u00e1vel que ele tenha como companheiro em Bangu 8 o ex-governador Anthony Garotinho, preso 24 horas antes, mas que ainda n\u00e3o foi para tr\u00e1s das grades alegando estar doente. Quem vive no Rio e tem o m\u00ednimo de bom senso sabe muito bem o quanto o estado e, sobretudo, sua capital, entraram em derrocada. Houve um suspiro com o pr\u00e9-sal, a Copa do Mundo e as Olimp\u00edadas. A realidade, contudo, se mostrou cruel. Nas entranhas do governo, constru\u00eda-se uma d\u00edvida impag\u00e1vel, saqueava-se o sistema de previd\u00eancia dos servidores e minava-se o que ainda restava da m\u00e1quina p\u00fablica.<\/p>\n<p>&nbsp;<\/p>\n<p>Os especialistas n\u00e3o t\u00eam d\u00favidas de que a agonia na qual o Rio est\u00e1 mergulhado durar\u00e1 anos. O quadro \u00e9 de calamidade. Nada funciona. A viol\u00eancia voltou com tudo, os hospitais est\u00e3o em frangalhos, o sistema educacional colapsou. \u00c9 dif\u00edcil pensar na hip\u00f3tese de reconstru\u00e7\u00e3o do estado quando se avaliam os pol\u00edticos locais. O PMDB de Cabral, do ex-deputado Eduardo Cunha, que est\u00e1 detido em Curitiba, e do presidente da Assembleia Legislativa do Rio (Alerj), Jorge Picciani, deixa qualquer um de boa \u00edndole estarrecido. H\u00e1 o risco, inclusive, de outros integrantes do partido serem presos em outras opera\u00e7\u00f5es policiais. Nas demais legendas, as lideran\u00e7as s\u00e3o capengas, despreparadas para assumir o desafio que est\u00e1 colocado.<\/p>\n<p>&nbsp;<\/p>\n<p>Como diz um integrante da equipe econ\u00f4mica, o Rio \u00e9 terra arrasada. Por mais que o governo federal despeje dinheiro no estado a fim de reverter o descalabro financeiro e social, de pouco adiantar\u00e1, devido \u00e0 corrup\u00e7\u00e3o entranhada na m\u00e1quina administrativa. O dinheiro de todos os contribuintes continuar\u00e1 escorrendo pelo ralo da corrup\u00e7\u00e3o e da inefici\u00eancia. \u201cCaber\u00e1 \u00e0 popula\u00e7\u00e3o fazer a limpeza que precisa ser feita, seja indo para as ruas, seja escolhendo melhor seus representantes\u201d, diz o t\u00e9cnico. \u201cLevar\u00e1 tempo, mas o povo do Rio ter\u00e1 que aprender a votar\u201d, emenda.<\/p>\n<p>&nbsp;<\/p>\n<p><strong>#vaifaltarcadeia<\/strong><\/p>\n<p>&nbsp;<\/p>\n<p>As cenas de pris\u00f5es de pol\u00edticos corruptos tender\u00e3o a ficar mais comuns no que depender da Pol\u00edcia Federal e do Minist\u00e9rio P\u00fablico. A perspectiva \u00e9 de que a Opera\u00e7\u00e3o Lava-Jato, que desvendou o esquema de corrup\u00e7\u00e3o na Petrobras, esteja, com a pris\u00e3o de Cabral, entrando em uma nova fase, agora tendo como alvos governos regionais. As empreiteiras que surrupiaram o caixa da maior empresa do pa\u00eds tinham ramifica\u00e7\u00f5es em quase todos os estados. Foram elas, por exemplo, que executaram as obras dos est\u00e1dios que sediaram a Copa do Mundo.<\/p>\n<p>&nbsp;<\/p>\n<p>\u201cPodem esperar: a temporada de ca\u00e7a de ex-governadores s\u00f3 est\u00e1 come\u00e7ando\u201d, diz um integrante do MP. As dela\u00e7\u00f5es da Odebrecht, que est\u00e3o prestes a serem homologadas pela Justi\u00e7a, ser\u00e3o fundamentais para sustentar as pris\u00f5es. H\u00e1 alguns alvos potenciais da PF que sa\u00edram de cena acreditando que ser\u00e3o esquecidos. Ledo engano.<\/p>\n<p>&nbsp;<\/p>\n<p><em>Bras\u00edlia, 06h50min<\/em><\/p>\n","protected":false},"excerpt":{"rendered":"<p>A pris\u00e3o de S\u00e9rgio Cabral \u00e9 o cap\u00edtulo mais vergonhoso da hist\u00f3ria recente do Rio de Janeiro. Ao lev\u00e1-lo para tr\u00e1s das grades, a Pol\u00edcia Federal e o Minist\u00e9rio P\u00fablico puseram fim a uma era de engana\u00e7\u00e3o. Os dois mandatos do agora ocupante de uma cela no pres\u00eddio de Bangu 8 foram marcados pelo sentimento [&hellip;]<\/p>\n","protected":false},"author":22,"featured_media":0,"comment_status":"open","ping_status":"closed","sticky":false,"template":"","format":"standard","meta":{"footnotes":""},"categories":[600],"tags":[1509,255,1510,41,111,351,1172,1504],"class_list":["post-3628","post","type-post","status-publish","format-standard","hentry","category-economia","tag-anthony-garotinho","tag-corrupcao","tag-jorge-picciani","tag-lava-jato","tag-michel-temer","tag-prisao","tag-rio-de-janeiro","tag-sergio-cabral"],"_links":{"self":[{"href":"https:\/\/blogs.correiobraziliense.com.br\/vicente\/wp-json\/wp\/v2\/posts\/3628","targetHints":{"allow":["GET"]}}],"collection":[{"href":"https:\/\/blogs.correiobraziliense.com.br\/vicente\/wp-json\/wp\/v2\/posts"}],"about":[{"href":"https:\/\/blogs.correiobraziliense.com.br\/vicente\/wp-json\/wp\/v2\/types\/post"}],"author":[{"embeddable":true,"href":"https:\/\/blogs.correiobraziliense.com.br\/vicente\/wp-json\/wp\/v2\/users\/22"}],"replies":[{"embeddable":true,"href":"https:\/\/blogs.correiobraziliense.com.br\/vicente\/wp-json\/wp\/v2\/comments?post=3628"}],"version-history":[{"count":1,"href":"https:\/\/blogs.correiobraziliense.com.br\/vicente\/wp-json\/wp\/v2\/posts\/3628\/revisions"}],"predecessor-version":[{"id":3629,"href":"https:\/\/blogs.correiobraziliense.com.br\/vicente\/wp-json\/wp\/v2\/posts\/3628\/revisions\/3629"}],"wp:attachment":[{"href":"https:\/\/blogs.correiobraziliense.com.br\/vicente\/wp-json\/wp\/v2\/media?parent=3628"}],"wp:term":[{"taxonomy":"category","embeddable":true,"href":"https:\/\/blogs.correiobraziliense.com.br\/vicente\/wp-json\/wp\/v2\/categories?post=3628"},{"taxonomy":"post_tag","embeddable":true,"href":"https:\/\/blogs.correiobraziliense.com.br\/vicente\/wp-json\/wp\/v2\/tags?post=3628"}],"curies":[{"name":"wp","href":"https:\/\/api.w.org\/{rel}","templated":true}]}}