{"id":3624,"date":"2016-11-17T19:56:17","date_gmt":"2016-11-17T21:56:17","guid":{"rendered":"https:\/\/blogs.correiobraziliense.com.br\/vicente\/?p=3624"},"modified":"2016-11-17T20:57:34","modified_gmt":"2016-11-17T22:57:34","slug":"caixa-trocara-5-dos-12-vice-presidentes","status":"publish","type":"post","link":"https:\/\/blogs.correiobraziliense.com.br\/vicente\/caixa-trocara-5-dos-12-vice-presidentes\/","title":{"rendered":"Caixa trocar\u00e1 5 dos 12 vice-presidentes"},"content":{"rendered":"<p class=\"p1\">POR ANTONIO TEM\u00d3TEO<\/p>\n<p class=\"p1\">A Caixa Econ\u00f4mica Federal trocar\u00e1 cinco dos 12 vice-presidentes. A vice-presid\u00eancia de Tecnologia da Informa\u00e7\u00e3o ser\u00e1 ocupada por\u00a0Jos\u00e9 Ant\u00f4nio Eirado. Ele j\u00e1 foi chefe do Departamento de TI do Banco Central e diretor da Infraero. O novo vice-presidente de Governo ser\u00e1\u00a0Roberto Derzie, ligado ao presidente da Rep\u00fablica Michel Temer.<\/p>\n<p class=\"p1\">A vice presid\u00eancia de Opera\u00e7\u00f5es Corporativas ser\u00e1 ocupada por Marcelo Prata. J\u00e1 a vice-presid\u00eancia de riscos ser\u00e1 comandada por Paulo Henrique \u00c2ngelo Souza, superintendente regional da Caixa na Baixada Santista. O atual vice-presidente de Finan\u00e7as e Controladoria, Osvaldo Bruno Brasil, tamb\u00e9m ser\u00e1 substitu\u00eddo. Entretanto, seu sucessor ainda est\u00e1 sendo escolhido.<\/p>\n<p class=\"p1\">Os outros vice-presidentes permanecer\u00e3o nos seus respectivos postos. \u00a0A lista com as mudan\u00e7as est\u00e1 na Casa-Civil de deve ser publicada no Di\u00e1rio Oficial da Uni\u00e3o (DOU) nos pr\u00f3ximos dias. Veja os nomes abaixo:<\/p>\n<p class=\"p1\"><b>Trocas<\/b><\/p>\n<p class=\"p1\"><b>Vice-presidente de Tecnologia da Informa\u00e7\u00e3o<\/b><\/p>\n<p class=\"p1\">Quem sai: Joaquim Lima de Oliveira<\/p>\n<p class=\"p1\">Quem entra: Jos\u00e9 Ant\u00f4nio Eirado<\/p>\n<p class=\"p1\"><b>Vice-presidente do Governo<\/b><\/p>\n<p class=\"p1\">Quem sai: Paulo Jos\u00e9 Galli<\/p>\n<p class=\"p1\">Quem entra: Roberto Derzie<\/p>\n<p class=\"p1\"><b>Vice-presidente de Opera\u00e7\u00f5es Corporativas<\/b><\/p>\n<p class=\"p1\">Quem sai: Lucas Jos\u00e9 Palomero<\/p>\n<p class=\"p1\">Quem entra: Marcelo Prata<\/p>\n<p class=\"p1\"><b>Vice-presidente de Riscos<\/b><\/p>\n<p class=\"p1\">Quem sai: Fabio Soares da Silva<\/p>\n<p class=\"p1\">Quem entra:\u00a0Paulo Henrique \u00c2ngelo Souza<\/p>\n<p class=\"p1\"><b>Vice-presidente de Finan\u00e7as e Controladoria<\/b><\/p>\n<p class=\"p1\">Osvaldo Bruno Brasil<\/p>\n<p class=\"p1\"><b>Quem fica<\/b><\/p>\n<p class=\"p1\"><b>Vice-presidente de Varejo e Atendimento<\/b><\/p>\n<p class=\"p1\">Jos\u00e9 Henrique Marques da Cruz<\/p>\n<p class=\"p1\"><b>Vice-presidente de Habita\u00e7\u00e3o<\/b><\/p>\n<p class=\"p1\">Nelson Antonio de Sousa<\/p>\n<p class=\"p1\"><b>Vice-presidente de Fundos de Governo e Loterias<\/b><\/p>\n<p class=\"p1\">Deusdina dos Reis Pereira<\/p>\n<p class=\"p1\"><b>Vice-presidente de Neg\u00f3cios Emergentes<\/b><\/p>\n<p class=\"p1\">F\u00e1bio Lenza<\/p>\n<p class=\"p1\"><b>Vice-presidente de Gest\u00e3o de Pessoas<\/b><\/p>\n<p class=\"p1\">Marcos Fernando Fontoura dos santos Jacinto<\/p>\n<p class=\"p1\"><b>Vice-presidente de Gest\u00e3o de Ativos de Terceiros &#8211; interino<\/b><\/p>\n<p class=\"p1\">Fl\u00e1vio Eduardo Arakaki<\/p>\n<p class=\"p1\"><b>Vice-presidente Corporativo<\/b><\/p>\n<p class=\"p1\">Antonio Carlos Fereira<\/p>\n","protected":false},"excerpt":{"rendered":"<p>POR ANTONIO TEM\u00d3TEO A Caixa Econ\u00f4mica Federal trocar\u00e1 cinco dos 12 vice-presidentes. A vice-presid\u00eancia de Tecnologia da Informa\u00e7\u00e3o ser\u00e1 ocupada por\u00a0Jos\u00e9 Ant\u00f4nio Eirado. Ele j\u00e1 foi chefe do Departamento de TI do Banco Central e diretor da Infraero. O novo vice-presidente de Governo ser\u00e1\u00a0Roberto Derzie, ligado ao presidente da Rep\u00fablica Michel Temer. A vice presid\u00eancia [&hellip;]<\/p>\n","protected":false},"author":22,"featured_media":0,"comment_status":"open","ping_status":"closed","sticky":false,"template":"","format":"standard","meta":{"footnotes":""},"categories":[600],"tags":[115,295,1508,848,1091],"class_list":["post-3624","post","type-post","status-publish","format-standard","hentry","category-economia","tag-caixa-economica-federal","tag-reestruturacao","tag-substituicao","tag-troca","tag-vice-presidentes"],"_links":{"self":[{"href":"https:\/\/blogs.correiobraziliense.com.br\/vicente\/wp-json\/wp\/v2\/posts\/3624","targetHints":{"allow":["GET"]}}],"collection":[{"href":"https:\/\/blogs.correiobraziliense.com.br\/vicente\/wp-json\/wp\/v2\/posts"}],"about":[{"href":"https:\/\/blogs.correiobraziliense.com.br\/vicente\/wp-json\/wp\/v2\/types\/post"}],"author":[{"embeddable":true,"href":"https:\/\/blogs.correiobraziliense.com.br\/vicente\/wp-json\/wp\/v2\/users\/22"}],"replies":[{"embeddable":true,"href":"https:\/\/blogs.correiobraziliense.com.br\/vicente\/wp-json\/wp\/v2\/comments?post=3624"}],"version-history":[{"count":3,"href":"https:\/\/blogs.correiobraziliense.com.br\/vicente\/wp-json\/wp\/v2\/posts\/3624\/revisions"}],"predecessor-version":[{"id":3627,"href":"https:\/\/blogs.correiobraziliense.com.br\/vicente\/wp-json\/wp\/v2\/posts\/3624\/revisions\/3627"}],"wp:attachment":[{"href":"https:\/\/blogs.correiobraziliense.com.br\/vicente\/wp-json\/wp\/v2\/media?parent=3624"}],"wp:term":[{"taxonomy":"category","embeddable":true,"href":"https:\/\/blogs.correiobraziliense.com.br\/vicente\/wp-json\/wp\/v2\/categories?post=3624"},{"taxonomy":"post_tag","embeddable":true,"href":"https:\/\/blogs.correiobraziliense.com.br\/vicente\/wp-json\/wp\/v2\/tags?post=3624"}],"curies":[{"name":"wp","href":"https:\/\/api.w.org\/{rel}","templated":true}]}}