{"id":3622,"date":"2016-11-17T09:35:59","date_gmt":"2016-11-17T11:35:59","guid":{"rendered":"https:\/\/blogs.correiobraziliense.com.br\/vicente\/?p=3622"},"modified":"2016-11-17T10:42:36","modified_gmt":"2016-11-17T12:42:36","slug":"pmdb-do-rio-ja-ve-possibilidade-de-prisao-de-integrantes-da-familia-picciani","status":"publish","type":"post","link":"https:\/\/blogs.correiobraziliense.com.br\/vicente\/pmdb-do-rio-ja-ve-possibilidade-de-prisao-de-integrantes-da-familia-picciani\/","title":{"rendered":"PMDB do Rio j\u00e1 v\u00ea possibilidade de pris\u00e3o de integrantes da fam\u00edlia Picciani"},"content":{"rendered":"<p>Com Eduardo Cunha e S\u00e9rgio Cabral presos, integrantes da c\u00fapula do PMDB do Rio de Janeiro cogitam a possibilidade de integrantes da fam\u00edlia Picciani serem pegos pela Pol\u00edcia Federal.<\/p>\n<p>&nbsp;<\/p>\n<p>H\u00e1 muitas acusa\u00e7\u00f5es de irregularidades, sobretudo, contra o patriarca da fam\u00edlia, o deputado estadual Jorge Picciani, presidente da Assembleia Legislativa do Rio (Alerj).<\/p>\n<p>&nbsp;<\/p>\n<p>A contagem regressiva come\u00e7ou. A pris\u00e3o de Cabral na manh\u00e3 de hoje, no entender de peemedebistas, acelera os processos contra os Picciani. A expectativa \u00e9 grande.<\/p>\n<p>&nbsp;<\/p>\n<p><em>Bras\u00edlia, 9h35min<\/em><\/p>\n","protected":false},"excerpt":{"rendered":"<p>Com Eduardo Cunha e S\u00e9rgio Cabral presos, integrantes da c\u00fapula do PMDB do Rio de Janeiro cogitam a possibilidade de integrantes da fam\u00edlia Picciani serem pegos pela Pol\u00edcia Federal. &nbsp; H\u00e1 muitas acusa\u00e7\u00f5es de irregularidades, sobretudo, contra o patriarca da fam\u00edlia, o deputado estadual Jorge Picciani, presidente da Assembleia Legislativa do Rio (Alerj). &nbsp; A [&hellip;]<\/p>\n","protected":false},"author":22,"featured_media":0,"comment_status":"open","ping_status":"closed","sticky":false,"template":"","format":"standard","meta":{"footnotes":""},"categories":[600],"tags":[1505,1506,1507,126,351,1504],"class_list":["post-3622","post","type-post","status-publish","format-standard","hentry","category-economia","tag-familia-picciani","tag-jorge-piccian","tag-pmdb-do-rio","tag-policia-federal","tag-prisao","tag-sergio-cabral"],"_links":{"self":[{"href":"https:\/\/blogs.correiobraziliense.com.br\/vicente\/wp-json\/wp\/v2\/posts\/3622","targetHints":{"allow":["GET"]}}],"collection":[{"href":"https:\/\/blogs.correiobraziliense.com.br\/vicente\/wp-json\/wp\/v2\/posts"}],"about":[{"href":"https:\/\/blogs.correiobraziliense.com.br\/vicente\/wp-json\/wp\/v2\/types\/post"}],"author":[{"embeddable":true,"href":"https:\/\/blogs.correiobraziliense.com.br\/vicente\/wp-json\/wp\/v2\/users\/22"}],"replies":[{"embeddable":true,"href":"https:\/\/blogs.correiobraziliense.com.br\/vicente\/wp-json\/wp\/v2\/comments?post=3622"}],"version-history":[{"count":1,"href":"https:\/\/blogs.correiobraziliense.com.br\/vicente\/wp-json\/wp\/v2\/posts\/3622\/revisions"}],"predecessor-version":[{"id":3623,"href":"https:\/\/blogs.correiobraziliense.com.br\/vicente\/wp-json\/wp\/v2\/posts\/3622\/revisions\/3623"}],"wp:attachment":[{"href":"https:\/\/blogs.correiobraziliense.com.br\/vicente\/wp-json\/wp\/v2\/media?parent=3622"}],"wp:term":[{"taxonomy":"category","embeddable":true,"href":"https:\/\/blogs.correiobraziliense.com.br\/vicente\/wp-json\/wp\/v2\/categories?post=3622"},{"taxonomy":"post_tag","embeddable":true,"href":"https:\/\/blogs.correiobraziliense.com.br\/vicente\/wp-json\/wp\/v2\/tags?post=3622"}],"curies":[{"name":"wp","href":"https:\/\/api.w.org\/{rel}","templated":true}]}}