{"id":3582,"date":"2016-11-11T15:20:38","date_gmt":"2016-11-11T17:20:38","guid":{"rendered":"https:\/\/blogs.correiobraziliense.com.br\/vicente\/?p=3582"},"modified":"2016-11-11T15:43:50","modified_gmt":"2016-11-11T17:43:50","slug":"temor-do-governo-e-de-que-bc-seja-obrigado-suspender-queda-dos-juros-por-causa-do-dolar","status":"publish","type":"post","link":"https:\/\/blogs.correiobraziliense.com.br\/vicente\/temor-do-governo-e-de-que-bc-seja-obrigado-suspender-queda-dos-juros-por-causa-do-dolar\/","title":{"rendered":"Temor do governo \u00e9 de que BC seja obrigado a suspender a queda dos juros por causa do d\u00f3lar"},"content":{"rendered":"<p>A nova arrancada do d\u00f3lar, que chegou a encostar nos R$ 3,50 hoje pela manh\u00e3, despertou no Pal\u00e1cio do Planalto o temor de que o Banco Central seja obrigado a suspender o processo de redu\u00e7\u00e3o da taxa b\u00e1sica de juros (Selic). Se o movimento de valoriza\u00e7\u00e3o da moeda norte-americana se prolongar, haver\u00e1 press\u00f5es sobre a infla\u00e7\u00e3o.<\/p>\n<p>&nbsp;<\/p>\n<p>O consenso no mercado \u00e9 de que o BC reduzir\u00e1 os juros em 0,25 ponto percentual no fim de novembro, para 13,75% ao ano. Mas, diante das incertezas provocadas pela elei\u00e7\u00e3o de Donald Trump para a presid\u00eancia dos Estados Unidos e dos ru\u00eddos pol\u00edticos internos, a pol\u00edtica monet\u00e1ria ganhou mergulhou em um clima de incerteza.<\/p>\n<p>&nbsp;<\/p>\n<p>Para assessores do presidente Michel Temer, \u00e9 important\u00edssimo que o Banco Central mantenha o corte dos juros iniciado em outubro, para incentivar um quadro de confian\u00e7a na economia. O Planalto contava com a rea\u00e7\u00e3o da atividade no segundo semestre deste ano, mas a recess\u00e3o continua prevalecendo.<\/p>\n<p>&nbsp;<\/p>\n<p>N\u00e3o \u00e0 toa, o Minist\u00e9rio da Fazenda j\u00e1 reduziu de 1,6% para 1% a proje\u00e7\u00e3o de crescimento da economia para 2017. &#8220;Entramos em uma zona cinzenta&#8221;, diz um auxiliar de Temer. &#8220;A torcida \u00e9 para que, passado o p\u00e2nico inicial provocado pela elei\u00e7\u00e3o de Trump, o mercado volte \u00e0 normalidade e o BC mantenha o corte de juros&#8221;, assinala um auxiliar de Temer.<\/p>\n<p>&nbsp;<\/p>\n<p>Por volta das 15h, o d\u00f3lar estava sendo negociado a R$ 3,40 para venda, com valoriza\u00e7\u00e3o de 1,33%. A moeda caminha para ter a maior sequ\u00eancia de alta desde a crise mundial de 2008. J\u00e1 a Bolsa de Valores de S\u00e3o Paulo (BM&amp;FBovespa) ca\u00eda, tamb\u00e9m por volta das 15h, 2,88%, nos 59.762 pontos.<\/p>\n<p>&nbsp;<\/p>\n<p><em>Bras\u00edlia, 15h20min<\/em><\/p>\n","protected":false},"excerpt":{"rendered":"<p>A nova arrancada do d\u00f3lar, que chegou a encostar nos R$ 3,50 hoje pela manh\u00e3, despertou no Pal\u00e1cio do Planalto o temor de que o Banco Central seja obrigado a suspender o processo de redu\u00e7\u00e3o da taxa b\u00e1sica de juros (Selic). Se o movimento de valoriza\u00e7\u00e3o da moeda norte-americana se prolongar, haver\u00e1 press\u00f5es sobre a [&hellip;]<\/p>\n","protected":false},"author":22,"featured_media":0,"comment_status":"open","ping_status":"closed","sticky":false,"template":"","format":"standard","meta":{"footnotes":""},"categories":[600],"tags":[3,991,343,623,363,201,34,1157,1485],"class_list":["post-3582","post","type-post","status-publish","format-standard","hentry","category-economia","tag-banco-central","tag-bolsa-de-valores","tag-dolar","tag-donald-trump","tag-estados-unidos","tag-incertezas","tag-selic","tag-taxa-de-juros","tag-temor-do-governo"],"_links":{"self":[{"href":"https:\/\/blogs.correiobraziliense.com.br\/vicente\/wp-json\/wp\/v2\/posts\/3582","targetHints":{"allow":["GET"]}}],"collection":[{"href":"https:\/\/blogs.correiobraziliense.com.br\/vicente\/wp-json\/wp\/v2\/posts"}],"about":[{"href":"https:\/\/blogs.correiobraziliense.com.br\/vicente\/wp-json\/wp\/v2\/types\/post"}],"author":[{"embeddable":true,"href":"https:\/\/blogs.correiobraziliense.com.br\/vicente\/wp-json\/wp\/v2\/users\/22"}],"replies":[{"embeddable":true,"href":"https:\/\/blogs.correiobraziliense.com.br\/vicente\/wp-json\/wp\/v2\/comments?post=3582"}],"version-history":[{"count":1,"href":"https:\/\/blogs.correiobraziliense.com.br\/vicente\/wp-json\/wp\/v2\/posts\/3582\/revisions"}],"predecessor-version":[{"id":3583,"href":"https:\/\/blogs.correiobraziliense.com.br\/vicente\/wp-json\/wp\/v2\/posts\/3582\/revisions\/3583"}],"wp:attachment":[{"href":"https:\/\/blogs.correiobraziliense.com.br\/vicente\/wp-json\/wp\/v2\/media?parent=3582"}],"wp:term":[{"taxonomy":"category","embeddable":true,"href":"https:\/\/blogs.correiobraziliense.com.br\/vicente\/wp-json\/wp\/v2\/categories?post=3582"},{"taxonomy":"post_tag","embeddable":true,"href":"https:\/\/blogs.correiobraziliense.com.br\/vicente\/wp-json\/wp\/v2\/tags?post=3582"}],"curies":[{"name":"wp","href":"https:\/\/api.w.org\/{rel}","templated":true}]}}