{"id":3578,"date":"2016-11-11T13:10:19","date_gmt":"2016-11-11T15:10:19","guid":{"rendered":"https:\/\/blogs.correiobraziliense.com.br\/vicente\/?p=3578"},"modified":"2016-11-11T14:01:37","modified_gmt":"2016-11-11T16:01:37","slug":"populacao-do-rio-deve-ir-as-ruas-contra-o-governo","status":"publish","type":"post","link":"https:\/\/blogs.correiobraziliense.com.br\/vicente\/populacao-do-rio-deve-ir-as-ruas-contra-o-governo\/","title":{"rendered":"Popula\u00e7\u00e3o do Rio deve ir \u00e0s ruas contra o governo"},"content":{"rendered":"<p>O governador do Rio de Janeiro, Luiz Fernando Pez\u00e3o, diz que o estado est\u00e1 ficando &#8220;ingovern\u00e1vel&#8221;, \u00a0numa tentativa canhestra de tentar se eximir os problemas que afligem toda a popula\u00e7\u00e3o.<\/p>\n<p>&nbsp;<\/p>\n<p>Todo mundo sabe que o Rio chegou ao atual estado de fal\u00eancia por causa das pol\u00edticas equivocadas de seus governantes, inclusive de Pez\u00e3o, que inchou a m\u00e1quina p\u00fablica como se o dinheiro necess\u00e1rio para custear as despesas fosse capim.<\/p>\n<p>&nbsp;<\/p>\n<p>Infelizmente, a popula\u00e7\u00e3o, que arcar\u00e1 com toda a fatura, se mostrou, por um bom tempo, leniente com todos os desmandos dos governantes fluminenses. Pior: premiou v\u00e1rios deles com a reelei\u00e7\u00e3o. Isso, mesmo com o colapso da sa\u00fade, da educa\u00e7\u00e3o e da seguran\u00e7a p\u00fablica.<\/p>\n<p>&nbsp;<\/p>\n<p>Agora, chegou a hora de essa popula\u00e7\u00e3o se rebelar, de sair \u00e0s ruas e de exigir respeito. Uma coisa \u00e9 certa: Pez\u00e3o e sua trupe n\u00e3o t\u00eam mais condi\u00e7\u00f5es de continuar comandando o estado do Rio de Janeiro.<\/p>\n<p>&nbsp;<\/p>\n<p><em>Bras\u00edlia, 13h10min<\/em><\/p>\n","protected":false},"excerpt":{"rendered":"<p>O governador do Rio de Janeiro, Luiz Fernando Pez\u00e3o, diz que o estado est\u00e1 ficando &#8220;ingovern\u00e1vel&#8221;, \u00a0numa tentativa canhestra de tentar se eximir os problemas que afligem toda a popula\u00e7\u00e3o. &nbsp; Todo mundo sabe que o Rio chegou ao atual estado de fal\u00eancia por causa das pol\u00edticas equivocadas de seus governantes, inclusive de Pez\u00e3o, que [&hellip;]<\/p>\n","protected":false},"author":22,"featured_media":0,"comment_status":"open","ping_status":"closed","sticky":false,"template":"","format":"standard","meta":{"footnotes":""},"categories":[600],"tags":[708,1482,1481,590,1172],"class_list":["post-3578","post","type-post","status-publish","format-standard","hentry","category-economia","tag-falencia","tag-inchaco-da-maquina-publica","tag-luiz-fernando-pezao","tag-renuncia","tag-rio-de-janeiro"],"_links":{"self":[{"href":"https:\/\/blogs.correiobraziliense.com.br\/vicente\/wp-json\/wp\/v2\/posts\/3578","targetHints":{"allow":["GET"]}}],"collection":[{"href":"https:\/\/blogs.correiobraziliense.com.br\/vicente\/wp-json\/wp\/v2\/posts"}],"about":[{"href":"https:\/\/blogs.correiobraziliense.com.br\/vicente\/wp-json\/wp\/v2\/types\/post"}],"author":[{"embeddable":true,"href":"https:\/\/blogs.correiobraziliense.com.br\/vicente\/wp-json\/wp\/v2\/users\/22"}],"replies":[{"embeddable":true,"href":"https:\/\/blogs.correiobraziliense.com.br\/vicente\/wp-json\/wp\/v2\/comments?post=3578"}],"version-history":[{"count":1,"href":"https:\/\/blogs.correiobraziliense.com.br\/vicente\/wp-json\/wp\/v2\/posts\/3578\/revisions"}],"predecessor-version":[{"id":3579,"href":"https:\/\/blogs.correiobraziliense.com.br\/vicente\/wp-json\/wp\/v2\/posts\/3578\/revisions\/3579"}],"wp:attachment":[{"href":"https:\/\/blogs.correiobraziliense.com.br\/vicente\/wp-json\/wp\/v2\/media?parent=3578"}],"wp:term":[{"taxonomy":"category","embeddable":true,"href":"https:\/\/blogs.correiobraziliense.com.br\/vicente\/wp-json\/wp\/v2\/categories?post=3578"},{"taxonomy":"post_tag","embeddable":true,"href":"https:\/\/blogs.correiobraziliense.com.br\/vicente\/wp-json\/wp\/v2\/tags?post=3578"}],"curies":[{"name":"wp","href":"https:\/\/api.w.org\/{rel}","templated":true}]}}