{"id":3576,"date":"2016-11-11T12:10:57","date_gmt":"2016-11-11T14:10:57","guid":{"rendered":"https:\/\/blogs.correiobraziliense.com.br\/vicente\/?p=3576"},"modified":"2016-11-11T12:29:52","modified_gmt":"2016-11-11T14:29:52","slug":"secretaria-do-tesouro-ja-esta-em-campanha-para-o-governo-do-espirito-santo","status":"publish","type":"post","link":"https:\/\/blogs.correiobraziliense.com.br\/vicente\/secretaria-do-tesouro-ja-esta-em-campanha-para-o-governo-do-espirito-santo\/","title":{"rendered":"Secret\u00e1ria do Tesouro j\u00e1 est\u00e1 em campanha para o governo do Esp\u00edrito Santo"},"content":{"rendered":"<p>O ano de 2018 ainda est\u00e1 longe, mas a secret\u00e1ria do Tesouro Nacional, Ana Paula Vescovi, j\u00e1 est\u00e1 pavimentando o caminho para uma poss\u00edvel candidatura ao governo do Esp\u00edrito Santo. Ele n\u00e3o esconde o desejo de suceder Paulo Hartung.<\/p>\n<p>&nbsp;<\/p>\n<p>Nos \u00faltimos dias dias, Ana Paula dedicou parte de sua agenda para compromissos no seu estado. Ontem \u00e0 noite, participou da entrega do pr\u00eamio\u00a0<em>O Equilibrista<\/em>, promovido pelo Instituto Brasileiro dos Executivos de Finan\u00e7as do Esp\u00edrito Santo (Ibef-ES).<\/p>\n<p>&nbsp;<\/p>\n<p>Hoje, pela manh\u00e3, teve encontro com prefeitos capixabas, no qual ouviu muitas cobran\u00e7as. As prefeituras, como se sabe, est\u00e3o, em grande maioria, quebradas.<\/p>\n<p>&nbsp;<\/p>\n<p>At\u00e9 assumir a secretaria do Tesouro a convite de Henrique Meirelles, Ana Paula ela secret\u00e1ria de Fazenda do Esp\u00edrito Santo.<\/p>\n","protected":false},"excerpt":{"rendered":"<p>O ano de 2018 ainda est\u00e1 longe, mas a secret\u00e1ria do Tesouro Nacional, Ana Paula Vescovi, j\u00e1 est\u00e1 pavimentando o caminho para uma poss\u00edvel candidatura ao governo do Esp\u00edrito Santo. Ele n\u00e3o esconde o desejo de suceder Paulo Hartung. &nbsp; Nos \u00faltimos dias dias, Ana Paula dedicou parte de sua agenda para compromissos no seu [&hellip;]<\/p>\n","protected":false},"author":22,"featured_media":0,"comment_status":"open","ping_status":"closed","sticky":false,"template":"","format":"standard","meta":{"footnotes":""},"categories":[600],"tags":[1046,1479,1480,1478],"class_list":["post-3576","post","type-post","status-publish","format-standard","hentry","category-economia","tag-ana-paula-vescovi","tag-candidatura-ao-governo-do-espirito-santo-em-2018","tag-encontro-com-prefeitos","tag-secretaria-do-tesouro-nacional"],"_links":{"self":[{"href":"https:\/\/blogs.correiobraziliense.com.br\/vicente\/wp-json\/wp\/v2\/posts\/3576","targetHints":{"allow":["GET"]}}],"collection":[{"href":"https:\/\/blogs.correiobraziliense.com.br\/vicente\/wp-json\/wp\/v2\/posts"}],"about":[{"href":"https:\/\/blogs.correiobraziliense.com.br\/vicente\/wp-json\/wp\/v2\/types\/post"}],"author":[{"embeddable":true,"href":"https:\/\/blogs.correiobraziliense.com.br\/vicente\/wp-json\/wp\/v2\/users\/22"}],"replies":[{"embeddable":true,"href":"https:\/\/blogs.correiobraziliense.com.br\/vicente\/wp-json\/wp\/v2\/comments?post=3576"}],"version-history":[{"count":1,"href":"https:\/\/blogs.correiobraziliense.com.br\/vicente\/wp-json\/wp\/v2\/posts\/3576\/revisions"}],"predecessor-version":[{"id":3577,"href":"https:\/\/blogs.correiobraziliense.com.br\/vicente\/wp-json\/wp\/v2\/posts\/3576\/revisions\/3577"}],"wp:attachment":[{"href":"https:\/\/blogs.correiobraziliense.com.br\/vicente\/wp-json\/wp\/v2\/media?parent=3576"}],"wp:term":[{"taxonomy":"category","embeddable":true,"href":"https:\/\/blogs.correiobraziliense.com.br\/vicente\/wp-json\/wp\/v2\/categories?post=3576"},{"taxonomy":"post_tag","embeddable":true,"href":"https:\/\/blogs.correiobraziliense.com.br\/vicente\/wp-json\/wp\/v2\/tags?post=3576"}],"curies":[{"name":"wp","href":"https:\/\/api.w.org\/{rel}","templated":true}]}}