{"id":3560,"date":"2016-11-10T12:20:36","date_gmt":"2016-11-10T14:20:36","guid":{"rendered":"https:\/\/blogs.correiobraziliense.com.br\/vicente\/?p=3560"},"modified":"2016-11-10T12:40:33","modified_gmt":"2016-11-10T14:40:33","slug":"dolar-atinge-r-330-com-estresse-sobre-politica-economica-de-trump","status":"publish","type":"post","link":"https:\/\/blogs.correiobraziliense.com.br\/vicente\/dolar-atinge-r-330-com-estresse-sobre-politica-economica-de-trump\/","title":{"rendered":"D\u00f3lar atinge R$ 3,30 com estresse sobre pol\u00edtica econ\u00f4mica de Trump"},"content":{"rendered":"<p>O mercado financeiro est\u00e1 operando hoje em clima de total estresse. Desde o in\u00edcio da manh\u00e3, o d\u00f3lar j\u00e1 subiu quase 3%, cotado a R$ 3,30 para venda. \u00c9 a maior alta desde junho. H\u00e1 um movimento global de ajustes nas posi\u00e7\u00f5es de investidores, que veem muitas incertezas em rela\u00e7\u00e3o \u00e0 pol\u00edtica econ\u00f4mica do futuro presidente dos Estados Unidos, Donald Trump. O temor \u00e9 de que a\u00e7\u00f5es tomadas pelo sucessor de Barack Obama leve a mais infla\u00e7\u00e3o e force o Federal Reserve (Fed), o Banco Central norte-americano, a elevar mais rapidamente as taxas de juros.<\/p>\n<p>&nbsp;<\/p>\n<p>A onda de desvaloriza\u00e7\u00e3o das moedas de pa\u00edses emergentes \u00e9 geral. Al\u00e9m do real, est\u00e3o sofrendo fortemente o peso mexicano e a lira turca. Na avalia\u00e7\u00e3o dos investidores, ser\u00e1 vital que o presidente eleito dos EUA enterre logo o discurso reacion\u00e1rio da campanha, assuma posi\u00e7\u00e3o de chefe de Estado e anuncie as diretrizes de seu governo, sobretudo com a divulga\u00e7\u00e3o de nomes que podem compor suas equipes.<\/p>\n<p>&nbsp;<\/p>\n<p>Na Bolsa de Valores de S\u00e3o Paulo (BM&amp;FBovespa), o \u00edndice Bovespa, que reflete o sobe e desce dos pap\u00e9is mais negociados, est\u00e1 operando com baixa de 0,35%, nos 62.768 pontos. Os tempos, como ressalta a economista Vit\u00f3ria Saddi, s\u00f3cia da SM Management, s\u00e3o de profundas incertezas. E n\u00e3o haver\u00e1 tr\u00e9gua dos investidores at\u00e9 que Trump defina como conduzir\u00e1 a maior economia do planeta. &#8220;Veremos muitas turbul\u00eancias nos pr\u00f3ximos meses&#8221;, afirma.<\/p>\n<p>&nbsp;<\/p>\n<p>&nbsp;<\/p>\n<p><em>Bras\u00edlia, 11h20min<\/em><\/p>\n<p>&nbsp;<\/p>\n","protected":false},"excerpt":{"rendered":"<p>O mercado financeiro est\u00e1 operando hoje em clima de total estresse. Desde o in\u00edcio da manh\u00e3, o d\u00f3lar j\u00e1 subiu quase 3%, cotado a R$ 3,30 para venda. \u00c9 a maior alta desde junho. H\u00e1 um movimento global de ajustes nas posi\u00e7\u00f5es de investidores, que veem muitas incertezas em rela\u00e7\u00e3o \u00e0 pol\u00edtica econ\u00f4mica do futuro [&hellip;]<\/p>\n","protected":false},"author":22,"featured_media":0,"comment_status":"open","ping_status":"closed","sticky":false,"template":"","format":"standard","meta":{"footnotes":""},"categories":[600],"tags":[],"class_list":["post-3560","post","type-post","status-publish","format-standard","hentry","category-economia"],"_links":{"self":[{"href":"https:\/\/blogs.correiobraziliense.com.br\/vicente\/wp-json\/wp\/v2\/posts\/3560","targetHints":{"allow":["GET"]}}],"collection":[{"href":"https:\/\/blogs.correiobraziliense.com.br\/vicente\/wp-json\/wp\/v2\/posts"}],"about":[{"href":"https:\/\/blogs.correiobraziliense.com.br\/vicente\/wp-json\/wp\/v2\/types\/post"}],"author":[{"embeddable":true,"href":"https:\/\/blogs.correiobraziliense.com.br\/vicente\/wp-json\/wp\/v2\/users\/22"}],"replies":[{"embeddable":true,"href":"https:\/\/blogs.correiobraziliense.com.br\/vicente\/wp-json\/wp\/v2\/comments?post=3560"}],"version-history":[{"count":1,"href":"https:\/\/blogs.correiobraziliense.com.br\/vicente\/wp-json\/wp\/v2\/posts\/3560\/revisions"}],"predecessor-version":[{"id":3561,"href":"https:\/\/blogs.correiobraziliense.com.br\/vicente\/wp-json\/wp\/v2\/posts\/3560\/revisions\/3561"}],"wp:attachment":[{"href":"https:\/\/blogs.correiobraziliense.com.br\/vicente\/wp-json\/wp\/v2\/media?parent=3560"}],"wp:term":[{"taxonomy":"category","embeddable":true,"href":"https:\/\/blogs.correiobraziliense.com.br\/vicente\/wp-json\/wp\/v2\/categories?post=3560"},{"taxonomy":"post_tag","embeddable":true,"href":"https:\/\/blogs.correiobraziliense.com.br\/vicente\/wp-json\/wp\/v2\/tags?post=3560"}],"curies":[{"name":"wp","href":"https:\/\/api.w.org\/{rel}","templated":true}]}}