{"id":3558,"date":"2016-11-10T06:50:42","date_gmt":"2016-11-10T08:50:42","guid":{"rendered":"https:\/\/blogs.correiobraziliense.com.br\/vicente\/?p=3558"},"modified":"2016-11-10T07:58:47","modified_gmt":"2016-11-10T09:58:47","slug":"nova-onda-do-conservadorismo","status":"publish","type":"post","link":"https:\/\/blogs.correiobraziliense.com.br\/vicente\/nova-onda-do-conservadorismo\/","title":{"rendered":"A nova onda do conservadorismo"},"content":{"rendered":"<p>A inesperada vit\u00f3ria de Donald Trump para a presid\u00eancia dos Estados Unidos refor\u00e7a o quanto o conservadorismo est\u00e1 na moda no mundo, ainda que muita gente insista em n\u00e3o ver isso. Mais do que as justificativas dos eleitores do republicano, s\u00e3o as declara\u00e7\u00f5es em favor dele que circularam pelo globo o sintoma mais claro do quanto parcela relevante da popula\u00e7\u00e3o est\u00e1 flertando com modelos que se consideravam ultrapassados. Sem constrangimento, aberra\u00e7\u00f5es como racismo, xenofobia, protecionismo, intoler\u00e2ncia surgiram como salva\u00e7\u00e3o para todos os males dos tempos modernos.<\/p>\n<p>&nbsp;<\/p>\n<p>Infelizmente, a volta ao atraso s\u00f3 est\u00e1 no come\u00e7o. O movimento liderado por Trump est\u00e1 se enraizando por todo o planeta. Daqui por diante, veremos uma guinada muito r\u00e1pida do mundo em dire\u00e7\u00e3o \u00e0 extrema direita, sobretudo nas economias mais avan\u00e7adas, que ainda n\u00e3o aprenderam a lidar com o forte fluxo migrat\u00f3rio provocado por guerras incessantes. O Brasil j\u00e1 d\u00e1 suspiros nessa dire\u00e7\u00e3o. As \u00faltimas elei\u00e7\u00f5es municipais al\u00e7aram ao protagonismo pol\u00edticos que jamais teriam espa\u00e7o num quadro de normalidade. O desastre da esquerda no comando do pa\u00eds facilitou o surgimento de aventureiros.<\/p>\n<p>&nbsp;<\/p>\n<p>Para Vit\u00f3ria Saddi, s\u00f3cia da SM Management, por mais que Trump tenha adotado um tom conciliador no discurso de vit\u00f3ria, os riscos de os Estados Unidos optarem por um fechamento s\u00e3o enormes. A maioria dos norte-americanos, especialmente os do interior do pa\u00eds, nunca se conformou com a postura progressista do governo de Barack Obama. Mesmo nos redutos de vanguarda, em que o Partido Democrata, de Hillary Clinton, sempre prevaleceu, a onda conservadora ganhou contornos preocupantes. \u201cVoltou o dom\u00ednio do americano m\u00e9dio, que olha apenas para o pr\u00f3prio umbigo\u201d, afirma.<\/p>\n<p>&nbsp;<\/p>\n<p>Vit\u00f3ria \u00e9 americana e sabe muito bem o que diz. O que d\u00e1 um alento, ressalta ela, \u00e9 o fato de os EUA terem institui\u00e7\u00f5es muito fortes, o que deve frear o \u00edmpeto intempestivo de Trump. \u201cIsso n\u00e3o impedir\u00e1, por\u00e9m, o retrocesso\u201d, assinala. Ela prev\u00ea, por exemplo, o fim do Nafta, acordo comercial que une os Estados Unidos, o Canad\u00e1 e o M\u00e9xico. N\u00e3o por acaso, acrescenta Bruno Foresti, do Banco Ourinvest, o peso mexicano foi a moeda que mais sofreu ontem ap\u00f3s o an\u00fancio do resultado das elei\u00e7\u00f5es na principal pot\u00eancia do planeta. O peso saltou de 18 para 21 por d\u00f3lar.<\/p>\n<p>&nbsp;<\/p>\n<p><b>Tens\u00e3o no ar<\/b><\/p>\n<p>&nbsp;<\/p>\n<p>Tanto Vit\u00f3ria quanto Foresti acreditam que os investidores, mesmo mais aliviados no fim das negocia\u00e7\u00f5es de ontem, n\u00e3o baixar\u00e3o a guarda em rela\u00e7\u00e3o a Trump. Haver\u00e1, de agora em diante, uma cobran\u00e7a enorme para que o sucessor de Obama comece a revelar qual ser\u00e1 sua pol\u00edtica econ\u00f4mica e de quem ele se cercar\u00e1. Todos sabem que o discurso antiglobaliza\u00e7\u00e3o n\u00e3o ser\u00e1 posto totalmente em pr\u00e1tica, assim como muitos n\u00e3o acreditam que o republicano conseguir\u00e1 resgatar o modelo de ind\u00fastria que vigorou nos EUA at\u00e9 meados dos anos 1990. A revolu\u00e7\u00e3o tecnol\u00f3gica liderada pelos norte-americanos n\u00e3o permite tamanho retrocesso. Nesse ponto, parte expressiva dos apoiadores de Trump vai se decepcionar rapidamente.<\/p>\n<p>&nbsp;<\/p>\n<p>Quanto ao Brasil, pelo menos at\u00e9 janeiro de 2017, quando o futuro presidente dos Estados Unidos tomar\u00e1 posse, os especialistas acreditam que os investidores tendem a priorizar as quest\u00f5es internas. O avan\u00e7o, no Senado, da Proposta de Emenda \u00e0 Constitui\u00e7\u00e3o (PEC) que limita o aumento dos gastos p\u00fablicos pela infla\u00e7\u00e3o do ano anterior tender\u00e1 a minimizar as incertezas que v\u00eam de fora. \u201cPor isso, n\u00e3o vejo o d\u00f3lar a R$ 3,50 ou a R$ 3,60, como mostram algumas previs\u00f5es. Os pre\u00e7os da moeda t\u00eam espa\u00e7o para subir, mas n\u00e3o tanto\u201d, diz o respons\u00e1vel pela \u00e1rea de c\u00e2mbio do Ourinvest.<\/p>\n<p>&nbsp;<\/p>\n<p>Seja como for, a tens\u00e3o est\u00e1 no ar. O mundo ter\u00e1 de aprender a lidar com Donald Trump e com sua imprevisibilidade. Os tempos n\u00e3o s\u00e3o para amadores. \u201cO pr\u00f3ximo pa\u00eds a embarcar nesse movimento conservador ser\u00e1 a Fran\u00e7a, que ter\u00e1 elei\u00e7\u00f5es no pr\u00f3ximo ano\u201d, acredita Vit\u00f3ria. N\u00e3o se pode, com isso, dizer que caminhamos para o fim do mundo. Uma nova era come\u00e7ou. E nada indica que ser\u00e1 para melhor.<\/p>\n<p>&nbsp;<\/p>\n<p><i>Bras\u00edlia, 06h50min<\/i><\/p>\n","protected":false},"excerpt":{"rendered":"<p>A inesperada vit\u00f3ria de Donald Trump para a presid\u00eancia dos Estados Unidos refor\u00e7a o quanto o conservadorismo est\u00e1 na moda no mundo, ainda que muita gente insista em n\u00e3o ver isso. Mais do que as justificativas dos eleitores do republicano, s\u00e3o as declara\u00e7\u00f5es em favor dele que circularam pelo globo o sintoma mais claro do [&hellip;]<\/p>\n","protected":false},"author":22,"featured_media":0,"comment_status":"open","ping_status":"closed","sticky":false,"template":"","format":"standard","meta":{"footnotes":""},"categories":[600],"tags":[1474,378,1475,623,665,363,63,1473],"class_list":["post-3558","post","type-post","status-publish","format-standard","hentry","category-economia","tag-banco-ourinvest","tag-brasil","tag-bruno-foresti","tag-donald-trump","tag-eleicoes","tag-estados-unidos","tag-mercado-financeiro","tag-vitoria-saddi"],"_links":{"self":[{"href":"https:\/\/blogs.correiobraziliense.com.br\/vicente\/wp-json\/wp\/v2\/posts\/3558","targetHints":{"allow":["GET"]}}],"collection":[{"href":"https:\/\/blogs.correiobraziliense.com.br\/vicente\/wp-json\/wp\/v2\/posts"}],"about":[{"href":"https:\/\/blogs.correiobraziliense.com.br\/vicente\/wp-json\/wp\/v2\/types\/post"}],"author":[{"embeddable":true,"href":"https:\/\/blogs.correiobraziliense.com.br\/vicente\/wp-json\/wp\/v2\/users\/22"}],"replies":[{"embeddable":true,"href":"https:\/\/blogs.correiobraziliense.com.br\/vicente\/wp-json\/wp\/v2\/comments?post=3558"}],"version-history":[{"count":1,"href":"https:\/\/blogs.correiobraziliense.com.br\/vicente\/wp-json\/wp\/v2\/posts\/3558\/revisions"}],"predecessor-version":[{"id":3559,"href":"https:\/\/blogs.correiobraziliense.com.br\/vicente\/wp-json\/wp\/v2\/posts\/3558\/revisions\/3559"}],"wp:attachment":[{"href":"https:\/\/blogs.correiobraziliense.com.br\/vicente\/wp-json\/wp\/v2\/media?parent=3558"}],"wp:term":[{"taxonomy":"category","embeddable":true,"href":"https:\/\/blogs.correiobraziliense.com.br\/vicente\/wp-json\/wp\/v2\/categories?post=3558"},{"taxonomy":"post_tag","embeddable":true,"href":"https:\/\/blogs.correiobraziliense.com.br\/vicente\/wp-json\/wp\/v2\/tags?post=3558"}],"curies":[{"name":"wp","href":"https:\/\/api.w.org\/{rel}","templated":true}]}}