{"id":3556,"date":"2016-11-09T18:44:57","date_gmt":"2016-11-09T20:44:57","guid":{"rendered":"https:\/\/blogs.correiobraziliense.com.br\/vicente\/?p=3556"},"modified":"2016-11-09T18:46:38","modified_gmt":"2016-11-09T20:46:38","slug":"motoristas-do-uber-relatam-inseguranca-no-df-e-reclamam-de-falta-de-parceira-da-empresa","status":"publish","type":"post","link":"https:\/\/blogs.correiobraziliense.com.br\/vicente\/motoristas-do-uber-relatam-inseguranca-no-df-e-reclamam-de-falta-de-parceira-da-empresa\/","title":{"rendered":"Motoristas do Uber relatam inseguran\u00e7a no DF e reclamam de falta de parceira da empresa"},"content":{"rendered":"<p>POR ANTONIO TEM\u00d3TEO<\/p>\n<p>&nbsp;<\/p>\n<p>Motoristas cadastrados no aplicativo Uber ouvidos reservadamente pelo <strong>Blog\u00a0<\/strong>relataram que t\u00eam evitado aceitar chamadas em regi\u00f5es administrativas como Taguatinga, Ceil\u00e2ndia, Samambaia e Riacho Fundo. Ele reclamam da falta de seguran\u00e7a nessas localidades e que alguns pedidos s\u00e3o um disfarce para um assalto.<\/p>\n<p>&nbsp;<\/p>\n<p>Para piorar a situa\u00e7\u00e3o, os parceiros do aplicativo de caronas pagas t\u00eam sofrido com o que avaliam ser a &#8220;falta de considera\u00e7\u00e3o&#8221; da empresa. Um deles relatou que foi assaltado quando terminava uma corrida. Ap\u00f3s acionar a Pol\u00edcia Civil e conseguir que um grupo de agentes se dispusesse a procurar o ve\u00edculo, ele entrou em contato com a empresa para que monitorasse onde o carro estava.<\/p>\n<p>&nbsp;<\/p>\n<p>A empresa se negou a ajud\u00e1-lo e ele teve que arcar com o preju\u00edzo de manter o pagamento das parcelas do ve\u00edculo. Com o dinheiro do seguro, deu a entrada em outro carro e agora paga dois financiamentos.<\/p>\n","protected":false},"excerpt":{"rendered":"<p>POR ANTONIO TEM\u00d3TEO &nbsp; Motoristas cadastrados no aplicativo Uber ouvidos reservadamente pelo Blog\u00a0relataram que t\u00eam evitado aceitar chamadas em regi\u00f5es administrativas como Taguatinga, Ceil\u00e2ndia, Samambaia e Riacho Fundo. Ele reclamam da falta de seguran\u00e7a nessas localidades e que alguns pedidos s\u00e3o um disfarce para um assalto. &nbsp; Para piorar a situa\u00e7\u00e3o, os parceiros do aplicativo [&hellip;]<\/p>\n","protected":false},"author":22,"featured_media":0,"comment_status":"open","ping_status":"closed","sticky":false,"template":"","format":"standard","meta":{"footnotes":""},"categories":[600],"tags":[1469,755,1468,1472,1470,1471,973],"class_list":["post-3556","post","type-post","status-publish","format-standard","hentry","category-economia","tag-ceilandia","tag-distrito-federal","tag-inseguranca","tag-riacho-fundo","tag-samambaia","tag-taguatinga","tag-uber"],"_links":{"self":[{"href":"https:\/\/blogs.correiobraziliense.com.br\/vicente\/wp-json\/wp\/v2\/posts\/3556","targetHints":{"allow":["GET"]}}],"collection":[{"href":"https:\/\/blogs.correiobraziliense.com.br\/vicente\/wp-json\/wp\/v2\/posts"}],"about":[{"href":"https:\/\/blogs.correiobraziliense.com.br\/vicente\/wp-json\/wp\/v2\/types\/post"}],"author":[{"embeddable":true,"href":"https:\/\/blogs.correiobraziliense.com.br\/vicente\/wp-json\/wp\/v2\/users\/22"}],"replies":[{"embeddable":true,"href":"https:\/\/blogs.correiobraziliense.com.br\/vicente\/wp-json\/wp\/v2\/comments?post=3556"}],"version-history":[{"count":1,"href":"https:\/\/blogs.correiobraziliense.com.br\/vicente\/wp-json\/wp\/v2\/posts\/3556\/revisions"}],"predecessor-version":[{"id":3557,"href":"https:\/\/blogs.correiobraziliense.com.br\/vicente\/wp-json\/wp\/v2\/posts\/3556\/revisions\/3557"}],"wp:attachment":[{"href":"https:\/\/blogs.correiobraziliense.com.br\/vicente\/wp-json\/wp\/v2\/media?parent=3556"}],"wp:term":[{"taxonomy":"category","embeddable":true,"href":"https:\/\/blogs.correiobraziliense.com.br\/vicente\/wp-json\/wp\/v2\/categories?post=3556"},{"taxonomy":"post_tag","embeddable":true,"href":"https:\/\/blogs.correiobraziliense.com.br\/vicente\/wp-json\/wp\/v2\/tags?post=3556"}],"curies":[{"name":"wp","href":"https:\/\/api.w.org\/{rel}","templated":true}]}}