{"id":3554,"date":"2016-11-09T18:29:31","date_gmt":"2016-11-09T20:29:31","guid":{"rendered":"https:\/\/blogs.correiobraziliense.com.br\/vicente\/?p=3554"},"modified":"2016-11-09T18:29:31","modified_gmt":"2016-11-09T20:29:31","slug":"bc-suspende-leiloes-de-swap-cambial","status":"publish","type":"post","link":"https:\/\/blogs.correiobraziliense.com.br\/vicente\/bc-suspende-leiloes-de-swap-cambial\/","title":{"rendered":"BC suspende leil\u00f5es de swap cambial"},"content":{"rendered":"<p>POR ANTONIO TEM\u00d3TEO<\/p>\n<p>&nbsp;<\/p>\n<p>Ap\u00f3s cancelar o leil\u00e3o de swap cambial reverso que ocorreria essa manh\u00e3, o Banco Central (BC) anunciou agora que\u00a0far\u00e1 uma pausa no programa de comercializa\u00e7\u00e3o de contratos que equivalem a compra futura de d\u00f3lar, inclusive o previsto para amanh\u00e3 (10\/11). Autoridade monet\u00e1ria justificou que a medida \u00e9 importante para acompanhar e avaliar as atuais condi\u00e7\u00f5es de mercado.<\/p>\n<p>&nbsp;<\/p>\n<p>Mesmo que tenha evitado fazer coment\u00e1rios sobre os efeitos da elei\u00e7\u00e3o norte-americana na economia brasileira, o presidente do BC, Ilan Goldfajn, teme que uma volatilidade no mercado cambial possa comprometer o combate a infla\u00e7\u00e3o. O temor de Ilan e do mercado faz sentido j\u00e1 n\u00e3o \u00e9 poss\u00edvel prever que medidas o presidente eleito dos Estados Unidos, Donald Trump, tomar\u00e1 quando assumir a Casa Branca.<\/p>\n","protected":false},"excerpt":{"rendered":"<p>POR ANTONIO TEM\u00d3TEO &nbsp; Ap\u00f3s cancelar o leil\u00e3o de swap cambial reverso que ocorreria essa manh\u00e3, o Banco Central (BC) anunciou agora que\u00a0far\u00e1 uma pausa no programa de comercializa\u00e7\u00e3o de contratos que equivalem a compra futura de d\u00f3lar, inclusive o previsto para amanh\u00e3 (10\/11). Autoridade monet\u00e1ria justificou que a medida \u00e9 importante para acompanhar e [&hellip;]<\/p>\n","protected":false},"author":22,"featured_media":0,"comment_status":"open","ping_status":"closed","sticky":false,"template":"","format":"standard","meta":{"footnotes":""},"categories":[600],"tags":[],"class_list":["post-3554","post","type-post","status-publish","format-standard","hentry","category-economia"],"_links":{"self":[{"href":"https:\/\/blogs.correiobraziliense.com.br\/vicente\/wp-json\/wp\/v2\/posts\/3554","targetHints":{"allow":["GET"]}}],"collection":[{"href":"https:\/\/blogs.correiobraziliense.com.br\/vicente\/wp-json\/wp\/v2\/posts"}],"about":[{"href":"https:\/\/blogs.correiobraziliense.com.br\/vicente\/wp-json\/wp\/v2\/types\/post"}],"author":[{"embeddable":true,"href":"https:\/\/blogs.correiobraziliense.com.br\/vicente\/wp-json\/wp\/v2\/users\/22"}],"replies":[{"embeddable":true,"href":"https:\/\/blogs.correiobraziliense.com.br\/vicente\/wp-json\/wp\/v2\/comments?post=3554"}],"version-history":[{"count":1,"href":"https:\/\/blogs.correiobraziliense.com.br\/vicente\/wp-json\/wp\/v2\/posts\/3554\/revisions"}],"predecessor-version":[{"id":3555,"href":"https:\/\/blogs.correiobraziliense.com.br\/vicente\/wp-json\/wp\/v2\/posts\/3554\/revisions\/3555"}],"wp:attachment":[{"href":"https:\/\/blogs.correiobraziliense.com.br\/vicente\/wp-json\/wp\/v2\/media?parent=3554"}],"wp:term":[{"taxonomy":"category","embeddable":true,"href":"https:\/\/blogs.correiobraziliense.com.br\/vicente\/wp-json\/wp\/v2\/categories?post=3554"},{"taxonomy":"post_tag","embeddable":true,"href":"https:\/\/blogs.correiobraziliense.com.br\/vicente\/wp-json\/wp\/v2\/tags?post=3554"}],"curies":[{"name":"wp","href":"https:\/\/api.w.org\/{rel}","templated":true}]}}