{"id":3552,"date":"2016-11-09T11:10:37","date_gmt":"2016-11-09T13:10:37","guid":{"rendered":"https:\/\/blogs.correiobraziliense.com.br\/vicente\/?p=3552"},"modified":"2016-11-09T11:34:52","modified_gmt":"2016-11-09T13:34:52","slug":"governo-esta-monitorando-os-mercados-e-diz-estar-pronto-para-agir","status":"publish","type":"post","link":"https:\/\/blogs.correiobraziliense.com.br\/vicente\/governo-esta-monitorando-os-mercados-e-diz-estar-pronto-para-agir\/","title":{"rendered":"Governo est\u00e1 monitorando os mercados e diz estar pronto para agir"},"content":{"rendered":"<p>A equipe econ\u00f4mica entrou em estado de alerta com a vit\u00f3ria de Donald Trump para a presid\u00eancia dos Estados Unidos. Tanto o Minist\u00e9rio da Fazenda quanto o Banco Central est\u00e3o acompanhando todas as movimenta\u00e7\u00f5es dos investidores para evitar movimentos at\u00edpicos.<\/p>\n<p>&nbsp;<\/p>\n<p>O presidente do BC, Ilan \u00a0Goldfajn, diz que est\u00e1 de olho em todos as opera\u00e7\u00f5es. A autoridade monet\u00e1ria quer evitar movimentos at\u00edpicos. Uma disparada muito forte do d\u00f3lar pode atrapalhar o controle da infla\u00e7\u00e3o, que vem perdendo for\u00e7a, mas n\u00e3o na velocidade esperada pelo BC.<\/p>\n<p>&nbsp;<\/p>\n<p>A expectativa do governo brasileiro \u00e9 de que o Trump presidente seja muito diferente do republicano que prevaleceu na campanha eleitoral. O Pal\u00e1cio do Planalto acredita que os pr\u00f3ximos discursos de Trump ser\u00e3o mais conciliadores, como j\u00e1 se viu no discurso de vit\u00f3ria.<\/p>\n<p>&nbsp;<\/p>\n<p>Se isso se confirmar, os mercados tendem a se acalmar. Mas a tens\u00e3o estar\u00e1 latente. Qualquer palavra de Trump fora de contexto reativar\u00e1 o nervosismo. O d\u00f3lar abriu o dia com alta de mais de 1% e a Bolsa de Valores de S\u00e3o Paulo acumula queda de quase 3%.<\/p>\n<p>&nbsp;<\/p>\n<p><em>Bras\u00edlia, 11h10min<\/em><\/p>\n","protected":false},"excerpt":{"rendered":"<p>A equipe econ\u00f4mica entrou em estado de alerta com a vit\u00f3ria de Donald Trump para a presid\u00eancia dos Estados Unidos. Tanto o Minist\u00e9rio da Fazenda quanto o Banco Central est\u00e3o acompanhando todas as movimenta\u00e7\u00f5es dos investidores para evitar movimentos at\u00edpicos. &nbsp; O presidente do BC, Ilan \u00a0Goldfajn, diz que est\u00e1 de olho em todos as [&hellip;]<\/p>\n","protected":false},"author":22,"featured_media":0,"comment_status":"open","ping_status":"closed","sticky":false,"template":"","format":"standard","meta":{"footnotes":""},"categories":[600],"tags":[991,1463,343,623,363,1467,63,176],"class_list":["post-3552","post","type-post","status-publish","format-standard","hentry","category-economia","tag-bolsa-de-valores","tag-disparada","tag-dolar","tag-donald-trump","tag-estados-unidos","tag-governo-brasileiro","tag-mercado-financeiro","tag-palacio-do-planalto"],"_links":{"self":[{"href":"https:\/\/blogs.correiobraziliense.com.br\/vicente\/wp-json\/wp\/v2\/posts\/3552","targetHints":{"allow":["GET"]}}],"collection":[{"href":"https:\/\/blogs.correiobraziliense.com.br\/vicente\/wp-json\/wp\/v2\/posts"}],"about":[{"href":"https:\/\/blogs.correiobraziliense.com.br\/vicente\/wp-json\/wp\/v2\/types\/post"}],"author":[{"embeddable":true,"href":"https:\/\/blogs.correiobraziliense.com.br\/vicente\/wp-json\/wp\/v2\/users\/22"}],"replies":[{"embeddable":true,"href":"https:\/\/blogs.correiobraziliense.com.br\/vicente\/wp-json\/wp\/v2\/comments?post=3552"}],"version-history":[{"count":1,"href":"https:\/\/blogs.correiobraziliense.com.br\/vicente\/wp-json\/wp\/v2\/posts\/3552\/revisions"}],"predecessor-version":[{"id":3553,"href":"https:\/\/blogs.correiobraziliense.com.br\/vicente\/wp-json\/wp\/v2\/posts\/3552\/revisions\/3553"}],"wp:attachment":[{"href":"https:\/\/blogs.correiobraziliense.com.br\/vicente\/wp-json\/wp\/v2\/media?parent=3552"}],"wp:term":[{"taxonomy":"category","embeddable":true,"href":"https:\/\/blogs.correiobraziliense.com.br\/vicente\/wp-json\/wp\/v2\/categories?post=3552"},{"taxonomy":"post_tag","embeddable":true,"href":"https:\/\/blogs.correiobraziliense.com.br\/vicente\/wp-json\/wp\/v2\/tags?post=3552"}],"curies":[{"name":"wp","href":"https:\/\/api.w.org\/{rel}","templated":true}]}}