{"id":3550,"date":"2016-11-09T10:30:04","date_gmt":"2016-11-09T12:30:04","guid":{"rendered":"https:\/\/blogs.correiobraziliense.com.br\/vicente\/?p=3550"},"modified":"2016-11-09T10:51:03","modified_gmt":"2016-11-09T12:51:03","slug":"dolar-sobe-e-reflete-inseguranca-dos-investidores-com-trump","status":"publish","type":"post","link":"https:\/\/blogs.correiobraziliense.com.br\/vicente\/dolar-sobe-e-reflete-inseguranca-dos-investidores-com-trump\/","title":{"rendered":"D\u00f3lar sobe e reflete a inseguran\u00e7a dos investidores com Trump"},"content":{"rendered":"<p>Os mercados financeiros de todo o mundo est\u00e3o em polvorosa. A inesperada vit\u00f3ria de Donald Trump para a presid\u00eancia dos Estados Unidos deixou a maior parte dos donos do dinheiro at\u00f4nita, pois havia quase uma certeza na elei\u00e7\u00e3o de Hillary Clinton. O d\u00f3lar j\u00e1 abriu o dia em disparada, o que obrigou o Banco Central a suspender o leil\u00e3o di\u00e1rio de swap reverso, uma esp\u00e9cie de compra da moeda norte-americana no mercado futuro.<\/p>\n<p>&nbsp;<\/p>\n<p>O d\u00f3lar est\u00e1 sendo negociado neste momento, 10h30, com alta de 1,76%, cotado a R$ 3,223 para venda. A disparada de pre\u00e7os interrompe uma sequ\u00eancia de queda de quatro dias seguidos. As pesquisas apontando a vit\u00f3ria de Hillary haviam endossado o bom humor dos investidores. Agora, por\u00e9m, o sentimento \u00e9 de apreens\u00e3o, pois n\u00e3o se sabe ao certo o que ser\u00e1 a gest\u00e3o de Trump, visto como uma inc\u00f3gnita pelos mercados.<\/p>\n<p>&nbsp;<\/p>\n<p>A Bolsa de Valores de S\u00e3o Paulo, por sua vez, faz o caminho inverso: cai 2,81%, nos 62.351 pontos. Teme-se que Trump caminhe para um forte protecionismo da economia norte-americana e incentive conflitos mundo afora, devido a seu discurso armamentista. A Bolsa vinha de quatro dias de valoriza\u00e7\u00e3o. Na avalia\u00e7\u00e3o dos especialistas, teremos um dia de muita tens\u00e3o nos mercados, com preju\u00edzos por todo o planeta. As bolsas asi\u00e1ticas desabaram e os preg\u00f5es europeus registram perdas.<\/p>\n<p>&nbsp;<\/p>\n<p><em>Bras\u00edlia, 10h30min<\/em><\/p>\n","protected":false},"excerpt":{"rendered":"<p>Os mercados financeiros de todo o mundo est\u00e3o em polvorosa. A inesperada vit\u00f3ria de Donald Trump para a presid\u00eancia dos Estados Unidos deixou a maior parte dos donos do dinheiro at\u00f4nita, pois havia quase uma certeza na elei\u00e7\u00e3o de Hillary Clinton. O d\u00f3lar j\u00e1 abriu o dia em disparada, o que obrigou o Banco Central [&hellip;]<\/p>\n","protected":false},"author":22,"featured_media":0,"comment_status":"open","ping_status":"closed","sticky":false,"template":"","format":"standard","meta":{"footnotes":""},"categories":[600],"tags":[850,1466,1465,1463,343,623,1464],"class_list":["post-3550","post","type-post","status-publish","format-standard","hentry","category-economia","tag-alta","tag-bolsa-de-valores-de-sao-paulo","tag-desconfianca-dos-investidores","tag-disparada","tag-dolar","tag-donald-trump","tag-eleicoes-nos-estados-unidos"],"_links":{"self":[{"href":"https:\/\/blogs.correiobraziliense.com.br\/vicente\/wp-json\/wp\/v2\/posts\/3550","targetHints":{"allow":["GET"]}}],"collection":[{"href":"https:\/\/blogs.correiobraziliense.com.br\/vicente\/wp-json\/wp\/v2\/posts"}],"about":[{"href":"https:\/\/blogs.correiobraziliense.com.br\/vicente\/wp-json\/wp\/v2\/types\/post"}],"author":[{"embeddable":true,"href":"https:\/\/blogs.correiobraziliense.com.br\/vicente\/wp-json\/wp\/v2\/users\/22"}],"replies":[{"embeddable":true,"href":"https:\/\/blogs.correiobraziliense.com.br\/vicente\/wp-json\/wp\/v2\/comments?post=3550"}],"version-history":[{"count":1,"href":"https:\/\/blogs.correiobraziliense.com.br\/vicente\/wp-json\/wp\/v2\/posts\/3550\/revisions"}],"predecessor-version":[{"id":3551,"href":"https:\/\/blogs.correiobraziliense.com.br\/vicente\/wp-json\/wp\/v2\/posts\/3550\/revisions\/3551"}],"wp:attachment":[{"href":"https:\/\/blogs.correiobraziliense.com.br\/vicente\/wp-json\/wp\/v2\/media?parent=3550"}],"wp:term":[{"taxonomy":"category","embeddable":true,"href":"https:\/\/blogs.correiobraziliense.com.br\/vicente\/wp-json\/wp\/v2\/categories?post=3550"},{"taxonomy":"post_tag","embeddable":true,"href":"https:\/\/blogs.correiobraziliense.com.br\/vicente\/wp-json\/wp\/v2\/tags?post=3550"}],"curies":[{"name":"wp","href":"https:\/\/api.w.org\/{rel}","templated":true}]}}