{"id":3537,"date":"2016-11-08T19:05:39","date_gmt":"2016-11-08T21:05:39","guid":{"rendered":"https:\/\/blogs.correiobraziliense.com.br\/vicente\/?p=3537"},"modified":"2016-11-08T20:01:18","modified_gmt":"2016-11-08T22:01:18","slug":"governo-retira-do-congresso-projeto-que-criaria-82-mil-cargos-na-justica-do-trabalho","status":"publish","type":"post","link":"https:\/\/blogs.correiobraziliense.com.br\/vicente\/governo-retira-do-congresso-projeto-que-criaria-82-mil-cargos-na-justica-do-trabalho\/","title":{"rendered":"Governo retira do Congresso projetos que criariam 8,2 mil cargos na Justi\u00e7a do Trabalho"},"content":{"rendered":"<p>ANTONIO TEM\u00d3TEO<\/p>\n<p>&nbsp;<\/p>\n<p>O governo conseguiu uma importante vit\u00f3ria, que evitar\u00e1 aumento de R$ 1 bilh\u00e3o por ano nas despesas com o funcionalismo. A Advocacia-Geral da Uni\u00e3o (AGU) derrubou, no Supremo Tribunal Federal (STF), liminar que impedia a retirada de pauta da C\u00e2mara dos Deputados de projetos de lei que previam a cria\u00e7\u00e3o de 8,2 mil cargos para a Justi\u00e7a Trabalhista,\u00a0sendo 8 mil para t\u00e9cnicos e 200 de ju\u00edzes, al\u00e9m de 100 varas do trabalho.<\/p>\n<p>&nbsp;<\/p>\n<p>A liminar havia sido concedida pela ministra do Tribunal Superior do Trabalho (TST) Dela\u00eddes Alves Miranda com base em mandado de seguran\u00e7a impetrado pela Associa\u00e7\u00e3o Nacional dos Magistrados do Trabalho (Anamatra). A entidade havia questionado ato do presidente do pr\u00f3prio TST, ministro Ives Gandra Martins Filho, que tinha pedido \u00e0 presid\u00eancia da C\u00e2mara dos Deputados a retirada dos projetos.<\/p>\n<p>&nbsp;<\/p>\n<p>No entendimento de Miranda, o presidente do TST n\u00e3o poderia ter adotado a medida sem o aval do \u00f3rg\u00e3o especial do tribunal. A AGU pediu, ent\u00e3o, ao TST, por meio de agravo interno ainda n\u00e3o analisado, e ao Supremo a suspens\u00e3o da liminar.\u00a0A Advocacia-Geral argumentou que a tramita\u00e7\u00e3o de projetos de lei que resultem em aumento de gastos sem a correspondente previs\u00e3o or\u00e7ament\u00e1ria n\u00e3o s\u00f3 afronta a Constitui\u00e7\u00e3o, como configura risco de grave les\u00e3o \u00e0 economia p\u00fablica.<\/p>\n<p>&nbsp;<\/p>\n<p>&nbsp;<\/p>\n<p>O pedido de suspens\u00e3o da liminar foi acolhido pela presidente do STF, ministra C\u00e1rmen L\u00facia. A decis\u00e3o assinalou que um dos argumentos utilizados pela Anamatra para alegar que n\u00e3o havia risco de les\u00e3o \u00e0 economia p\u00fablica, o de que n\u00e3o \u00e9 poss\u00edvel saber se o Congresso Nacional aprovar\u00e1 os projetos. Isso demonstra, na vis\u00e3o da AGU, &#8220;que n\u00e3o havia, na realidade, qualquer urg\u00eancia ou irreversibilidade que justificasse a concess\u00e3o da liminar contra a retirada de pauta dos projetos&#8221;.<\/p>\n<p>&nbsp;<\/p>\n<p><em>Bras\u00edlia, 19h05min<\/em><\/p>\n","protected":false},"excerpt":{"rendered":"<p>ANTONIO TEM\u00d3TEO &nbsp; O governo conseguiu uma importante vit\u00f3ria, que evitar\u00e1 aumento de R$ 1 bilh\u00e3o por ano nas despesas com o funcionalismo. A Advocacia-Geral da Uni\u00e3o (AGU) derrubou, no Supremo Tribunal Federal (STF), liminar que impedia a retirada de pauta da C\u00e2mara dos Deputados de projetos de lei que previam a cria\u00e7\u00e3o de 8,2 [&hellip;]<\/p>\n","protected":false},"author":22,"featured_media":0,"comment_status":"open","ping_status":"closed","sticky":false,"template":"","format":"standard","meta":{"footnotes":""},"categories":[600],"tags":[1456,326,1457,39,1455],"class_list":["post-3537","post","type-post","status-publish","format-standard","hentry","category-economia","tag-criacao-de-cargos-para-a-justica-do-trabalho","tag-liminar","tag-rombo-de-r-1-bilhao","tag-supremo-tribunal-federal","tag-suspensao-de-projetos-de-lei"],"_links":{"self":[{"href":"https:\/\/blogs.correiobraziliense.com.br\/vicente\/wp-json\/wp\/v2\/posts\/3537","targetHints":{"allow":["GET"]}}],"collection":[{"href":"https:\/\/blogs.correiobraziliense.com.br\/vicente\/wp-json\/wp\/v2\/posts"}],"about":[{"href":"https:\/\/blogs.correiobraziliense.com.br\/vicente\/wp-json\/wp\/v2\/types\/post"}],"author":[{"embeddable":true,"href":"https:\/\/blogs.correiobraziliense.com.br\/vicente\/wp-json\/wp\/v2\/users\/22"}],"replies":[{"embeddable":true,"href":"https:\/\/blogs.correiobraziliense.com.br\/vicente\/wp-json\/wp\/v2\/comments?post=3537"}],"version-history":[{"count":2,"href":"https:\/\/blogs.correiobraziliense.com.br\/vicente\/wp-json\/wp\/v2\/posts\/3537\/revisions"}],"predecessor-version":[{"id":3539,"href":"https:\/\/blogs.correiobraziliense.com.br\/vicente\/wp-json\/wp\/v2\/posts\/3537\/revisions\/3539"}],"wp:attachment":[{"href":"https:\/\/blogs.correiobraziliense.com.br\/vicente\/wp-json\/wp\/v2\/media?parent=3537"}],"wp:term":[{"taxonomy":"category","embeddable":true,"href":"https:\/\/blogs.correiobraziliense.com.br\/vicente\/wp-json\/wp\/v2\/categories?post=3537"},{"taxonomy":"post_tag","embeddable":true,"href":"https:\/\/blogs.correiobraziliense.com.br\/vicente\/wp-json\/wp\/v2\/tags?post=3537"}],"curies":[{"name":"wp","href":"https:\/\/api.w.org\/{rel}","templated":true}]}}