{"id":3525,"date":"2016-11-07T16:08:32","date_gmt":"2016-11-07T18:08:32","guid":{"rendered":"https:\/\/blogs.correiobraziliense.com.br\/vicente\/?p=3525"},"modified":"2016-11-07T16:11:23","modified_gmt":"2016-11-07T18:11:23","slug":"centrus-distribuira-r-600-milhoes-em-superavit-para-bc-e-para-participantes","status":"publish","type":"post","link":"https:\/\/blogs.correiobraziliense.com.br\/vicente\/centrus-distribuira-r-600-milhoes-em-superavit-para-bc-e-para-participantes\/","title":{"rendered":"Centrus distribuir\u00e1 R$ 600 milh\u00f5es em superavit para o BC e para os participantes"},"content":{"rendered":"<p>POR ANTONIO TEM\u00d3TEO<\/p>\n<p>&nbsp;<\/p>\n<p>Enquanto os maiores fundos de pens\u00e3o do pa\u00eds, patrocinados por estatais, acumulam deficit atuarial, a Centrus, funda\u00e7\u00e3o dos empregados do Banco Central (BC), distribuir\u00e1 superavit de R$ 600 milh\u00f5es aos participantes e a autoridade monet\u00e1ria.<\/p>\n<p>&nbsp;<\/p>\n<p>Portaria da Superintend\u00eancia Nacional de Previd\u00eancia Complementar (Previc), publicada hoje no Di\u00e1rio Oficial da Uni\u00e3o (DOU), autoriza a funda\u00e7\u00e3o a tomar a medida. Em nota, a Centrus informou aos participantes que o pagamento ser\u00e1 feito em 36 parcelas.<\/p>\n<p>&nbsp;<\/p>\n<p>As 10 primeiras ser\u00e3o depositadas hoje e a\u00a011\u00aa em\u00a026 de novembro. As demais ser\u00e3o pagas mensalmente. Diante da infla\u00e7\u00e3o que n\u00e3o d\u00e1 tr\u00e9gua ao bolso dos consumidores, os recursos ser\u00e3o muito bem vindos para cobrir os custos de vida dos idosos.<\/p>\n<p>&nbsp;<\/p>\n<p class=\"p1\">O BC receber\u00e1 cerca de R$ 91,6 milh\u00f5es em novembro e outras 25 parcelas de R$ 8,3 milh\u00f5es. Isso melhorar\u00e1 o resultado da autoridade monet\u00e1ria, que acumulou diversos preju\u00edzos no ano passado com perdas com swap cambial.<\/p>\n","protected":false},"excerpt":{"rendered":"<p>POR ANTONIO TEM\u00d3TEO &nbsp; Enquanto os maiores fundos de pens\u00e3o do pa\u00eds, patrocinados por estatais, acumulam deficit atuarial, a Centrus, funda\u00e7\u00e3o dos empregados do Banco Central (BC), distribuir\u00e1 superavit de R$ 600 milh\u00f5es aos participantes e a autoridade monet\u00e1ria. &nbsp; Portaria da Superintend\u00eancia Nacional de Previd\u00eancia Complementar (Previc), publicada hoje no Di\u00e1rio Oficial da Uni\u00e3o [&hellip;]<\/p>\n","protected":false},"author":22,"featured_media":0,"comment_status":"open","ping_status":"closed","sticky":false,"template":"","format":"standard","meta":{"footnotes":""},"categories":[600],"tags":[],"class_list":["post-3525","post","type-post","status-publish","format-standard","hentry","category-economia"],"_links":{"self":[{"href":"https:\/\/blogs.correiobraziliense.com.br\/vicente\/wp-json\/wp\/v2\/posts\/3525","targetHints":{"allow":["GET"]}}],"collection":[{"href":"https:\/\/blogs.correiobraziliense.com.br\/vicente\/wp-json\/wp\/v2\/posts"}],"about":[{"href":"https:\/\/blogs.correiobraziliense.com.br\/vicente\/wp-json\/wp\/v2\/types\/post"}],"author":[{"embeddable":true,"href":"https:\/\/blogs.correiobraziliense.com.br\/vicente\/wp-json\/wp\/v2\/users\/22"}],"replies":[{"embeddable":true,"href":"https:\/\/blogs.correiobraziliense.com.br\/vicente\/wp-json\/wp\/v2\/comments?post=3525"}],"version-history":[{"count":2,"href":"https:\/\/blogs.correiobraziliense.com.br\/vicente\/wp-json\/wp\/v2\/posts\/3525\/revisions"}],"predecessor-version":[{"id":3527,"href":"https:\/\/blogs.correiobraziliense.com.br\/vicente\/wp-json\/wp\/v2\/posts\/3525\/revisions\/3527"}],"wp:attachment":[{"href":"https:\/\/blogs.correiobraziliense.com.br\/vicente\/wp-json\/wp\/v2\/media?parent=3525"}],"wp:term":[{"taxonomy":"category","embeddable":true,"href":"https:\/\/blogs.correiobraziliense.com.br\/vicente\/wp-json\/wp\/v2\/categories?post=3525"},{"taxonomy":"post_tag","embeddable":true,"href":"https:\/\/blogs.correiobraziliense.com.br\/vicente\/wp-json\/wp\/v2\/tags?post=3525"}],"curies":[{"name":"wp","href":"https:\/\/api.w.org\/{rel}","templated":true}]}}