{"id":3516,"date":"2016-11-07T12:37:18","date_gmt":"2016-11-07T14:37:18","guid":{"rendered":"https:\/\/blogs.correiobraziliense.com.br\/vicente\/?p=3516"},"modified":"2016-11-07T12:43:00","modified_gmt":"2016-11-07T14:43:00","slug":"nucleo-de-estudos-e-pesquisas-da-consultoria-legislativa-do-senado-avalia-que-pec-no-55-e-inconstitucional","status":"publish","type":"post","link":"https:\/\/blogs.correiobraziliense.com.br\/vicente\/nucleo-de-estudos-e-pesquisas-da-consultoria-legislativa-do-senado-avalia-que-pec-no-55-e-inconstitucional\/","title":{"rendered":"N\u00facleo de Estudos e Pesquisas da Consultoria Legislativa do Senado avalia que PEC n\u00ba 55 \u00e9 inconstitucional"},"content":{"rendered":"<p>POR ANTONIO TEM\u00d3TEO<\/p>\n<p>&nbsp;<\/p>\n<p>O N\u00facleo de Estudos e Pesquisas da Consultoria Legislativa do Senado Federal divulgou uma an\u00e1lise que aponta que a Proposta de Emenda \u00e0 Constitui\u00e7\u00e3o (PEC) n\u00ba 55, de 2016, que limita o crescimento dos gastos p\u00fablicos \u00e9 inconstitucional. O boletim legislativo n\u00ba 53 concluiu que a PEC tende a invalidar cl\u00e1usulas p\u00e9treas previstas no art. 60 da Constitui\u00e7\u00e3o Federal, que se referem, ao voto direto, secreto, universal e peri\u00f3dico; \u00e0 separa\u00e7\u00e3o de Poderes e aos direitos e garantias individuais.<\/p>\n<p>&nbsp;<\/p>\n<p>Intitulada de \u201cInconstitucionalidades do &#8216;novo regime fiscal&#8217; institu\u00eddo pela PEC n\u00ba 55, de 2016\u201d, a an\u00e1lise foi produzida pelo consultor Ronaldo Jorge Araujo Vieira Junior. Ele sugere que a tramita\u00e7\u00e3o da mat\u00e9ria seja interrompida no Congresso Nacional. Na avalia\u00e7\u00e3o dele, caso a proposta seja aprovada, est\u00e3o presentes os requisitos constitucionais para que se proposta a\u00e7\u00e3o direta de inconstitucionalidade ao Supremo Tribunal Federal (STF).<\/p>\n<p>&nbsp;<\/p>\n<p>O consultor \u00e9 servidor do Senado desde 2004. Ele atua na \u00e1rea do direito constitucional, administrativo, eleitoral e partid\u00e1rio e mestre em Direito e Estado pela Universidade de Bras\u00edlia (UnB). Vieria Junior foi assessor t\u00e9cnico do PDT na C\u00e2mara dos Deputados entre 1993 e 2002. Durante a gest\u00e3o do ex-presidente Luiz In\u00e1cio Lula da Silva foi subchefe adjunto da Subchefia para Assuntos Jur\u00eddicos da Casa Civil da Presid\u00eancia da Rep\u00fablica e consultor-geral da Uni\u00e3o, na Advocacia-Geral da Uni\u00e3o (AGU).<\/p>\n<p>&nbsp;<\/p>\n<p>A PEC ser\u00e1\u00a0debatida amanh\u00e3 pela Comiss\u00e3o de Constitui\u00e7\u00e3o, Justi\u00e7a e Cidadania do Senado (CCJ) \u00a0e pode ser votada pelo colegiado na quarta-feira. \u00a0O relat\u00f3rio do senador Eun\u00edcio Oliveira (PMDB\u2013CE) \u00e9 favor\u00e1vel ao texto aprovado na C\u00e2mara dos Deputados e contr\u00e1rio a uma sugest\u00e3o da senadora Gleisi Hoffmann (PT\u2013PR), que condicionaria os efeitos da PEC \u00e0 aprova\u00e7\u00e3o em um referendo popular.<\/p>\n","protected":false},"excerpt":{"rendered":"<p>POR ANTONIO TEM\u00d3TEO &nbsp; O N\u00facleo de Estudos e Pesquisas da Consultoria Legislativa do Senado Federal divulgou uma an\u00e1lise que aponta que a Proposta de Emenda \u00e0 Constitui\u00e7\u00e3o (PEC) n\u00ba 55, de 2016, que limita o crescimento dos gastos p\u00fablicos \u00e9 inconstitucional. O boletim legislativo n\u00ba 53 concluiu que a PEC tende a invalidar cl\u00e1usulas [&hellip;]<\/p>\n","protected":false},"author":22,"featured_media":0,"comment_status":"open","ping_status":"closed","sticky":false,"template":"","format":"standard","meta":{"footnotes":""},"categories":[600],"tags":[1445,1444,1224,1443,1446,1071],"class_list":["post-3516","post","type-post","status-publish","format-standard","hentry","category-economia","tag-consultoria-legislativa-do-senado-federal","tag-nucleo-de-estudos-e-pesquisas","tag-pec-241","tag-pec-55","tag-ronaldo-jorge-araujo-vieira-junior","tag-senado-federal"],"_links":{"self":[{"href":"https:\/\/blogs.correiobraziliense.com.br\/vicente\/wp-json\/wp\/v2\/posts\/3516","targetHints":{"allow":["GET"]}}],"collection":[{"href":"https:\/\/blogs.correiobraziliense.com.br\/vicente\/wp-json\/wp\/v2\/posts"}],"about":[{"href":"https:\/\/blogs.correiobraziliense.com.br\/vicente\/wp-json\/wp\/v2\/types\/post"}],"author":[{"embeddable":true,"href":"https:\/\/blogs.correiobraziliense.com.br\/vicente\/wp-json\/wp\/v2\/users\/22"}],"replies":[{"embeddable":true,"href":"https:\/\/blogs.correiobraziliense.com.br\/vicente\/wp-json\/wp\/v2\/comments?post=3516"}],"version-history":[{"count":3,"href":"https:\/\/blogs.correiobraziliense.com.br\/vicente\/wp-json\/wp\/v2\/posts\/3516\/revisions"}],"predecessor-version":[{"id":3519,"href":"https:\/\/blogs.correiobraziliense.com.br\/vicente\/wp-json\/wp\/v2\/posts\/3516\/revisions\/3519"}],"wp:attachment":[{"href":"https:\/\/blogs.correiobraziliense.com.br\/vicente\/wp-json\/wp\/v2\/media?parent=3516"}],"wp:term":[{"taxonomy":"category","embeddable":true,"href":"https:\/\/blogs.correiobraziliense.com.br\/vicente\/wp-json\/wp\/v2\/categories?post=3516"},{"taxonomy":"post_tag","embeddable":true,"href":"https:\/\/blogs.correiobraziliense.com.br\/vicente\/wp-json\/wp\/v2\/tags?post=3516"}],"curies":[{"name":"wp","href":"https:\/\/api.w.org\/{rel}","templated":true}]}}