{"id":3512,"date":"2016-11-05T13:03:40","date_gmt":"2016-11-05T15:03:40","guid":{"rendered":"https:\/\/blogs.correiobraziliense.com.br\/vicente\/?p=3512"},"modified":"2016-11-05T13:03:40","modified_gmt":"2016-11-05T15:03:40","slug":"temer-deve-manter-dyogo-oliveira-no-planejamento-mesmo-que-interinamente","status":"publish","type":"post","link":"https:\/\/blogs.correiobraziliense.com.br\/vicente\/temer-deve-manter-dyogo-oliveira-no-planejamento-mesmo-que-interinamente\/","title":{"rendered":"Temer deve manter Dyogo Oliveira no Planejamento, mesmo que interinamente"},"content":{"rendered":"<p>\u00bb O presidente Michel Temer manter\u00e1, at\u00e9 quando for poss\u00edvel, Dyogo Oliveira como ministro interino do Planejamento. O chefe do Executivo gosta do subordinado e acredita que ele est\u00e1 conseguindo entregar tudo o que lhe \u00e9 pedido.<\/p>\n<p>&nbsp;<\/p>\n<p><strong>Livre de Juc\u00e1<\/strong><\/p>\n<p>&nbsp;<\/p>\n<p>\u00bb Oliveira \u00e9 protegido do senador Romero Juc\u00e1 (PMDB-RR), que ser\u00e1 l\u00edder do governo no Congresso. Ao dar tal fun\u00e7\u00e3o ao parlamentar, Temer praticamente enterra o sonho dele de retomar ao comando do Planejamento.<\/p>\n","protected":false},"excerpt":{"rendered":"<p>\u00bb O presidente Michel Temer manter\u00e1, at\u00e9 quando for poss\u00edvel, Dyogo Oliveira como ministro interino do Planejamento. O chefe do Executivo gosta do subordinado e acredita que ele est\u00e1 conseguindo entregar tudo o que lhe \u00e9 pedido. &nbsp; Livre de Juc\u00e1 &nbsp; \u00bb Oliveira \u00e9 protegido do senador Romero Juc\u00e1 (PMDB-RR), que ser\u00e1 l\u00edder do [&hellip;]<\/p>\n","protected":false},"author":22,"featured_media":0,"comment_status":"open","ping_status":"closed","sticky":false,"template":"","format":"standard","meta":{"footnotes":""},"categories":[600],"tags":[84,1436,111,150,187],"class_list":["post-3512","post","type-post","status-publish","format-standard","hentry","category-economia","tag-dyogo-oliveira","tag-lider-do-governo-no-congresso","tag-michel-temer","tag-ministerio-do-planejamento","tag-romero-juca"],"_links":{"self":[{"href":"https:\/\/blogs.correiobraziliense.com.br\/vicente\/wp-json\/wp\/v2\/posts\/3512","targetHints":{"allow":["GET"]}}],"collection":[{"href":"https:\/\/blogs.correiobraziliense.com.br\/vicente\/wp-json\/wp\/v2\/posts"}],"about":[{"href":"https:\/\/blogs.correiobraziliense.com.br\/vicente\/wp-json\/wp\/v2\/types\/post"}],"author":[{"embeddable":true,"href":"https:\/\/blogs.correiobraziliense.com.br\/vicente\/wp-json\/wp\/v2\/users\/22"}],"replies":[{"embeddable":true,"href":"https:\/\/blogs.correiobraziliense.com.br\/vicente\/wp-json\/wp\/v2\/comments?post=3512"}],"version-history":[{"count":1,"href":"https:\/\/blogs.correiobraziliense.com.br\/vicente\/wp-json\/wp\/v2\/posts\/3512\/revisions"}],"predecessor-version":[{"id":3513,"href":"https:\/\/blogs.correiobraziliense.com.br\/vicente\/wp-json\/wp\/v2\/posts\/3512\/revisions\/3513"}],"wp:attachment":[{"href":"https:\/\/blogs.correiobraziliense.com.br\/vicente\/wp-json\/wp\/v2\/media?parent=3512"}],"wp:term":[{"taxonomy":"category","embeddable":true,"href":"https:\/\/blogs.correiobraziliense.com.br\/vicente\/wp-json\/wp\/v2\/categories?post=3512"},{"taxonomy":"post_tag","embeddable":true,"href":"https:\/\/blogs.correiobraziliense.com.br\/vicente\/wp-json\/wp\/v2\/tags?post=3512"}],"curies":[{"name":"wp","href":"https:\/\/api.w.org\/{rel}","templated":true}]}}