{"id":3457,"date":"2016-10-18T19:35:03","date_gmt":"2016-10-18T21:35:03","guid":{"rendered":"https:\/\/blogs.correiobraziliense.com.br\/vicente\/?p=3457"},"modified":"2016-10-18T19:50:25","modified_gmt":"2016-10-18T21:50:25","slug":"o-inexperiente-tiago-berriel","status":"publish","type":"post","link":"https:\/\/blogs.correiobraziliense.com.br\/vicente\/o-inexperiente-tiago-berriel\/","title":{"rendered":"O inexperiente Tiago Berriel"},"content":{"rendered":"<p>POR ANTONIO TEM\u00d3TEO<\/p>\n<p>&nbsp;<\/p>\n<p>Investidores que estiveram com o diretor de Assuntos Internacionais do Banco Central, Tiago Berriel, ficaram surpresos com a inexperi\u00eancia dele para o cargo.<\/p>\n<p>&nbsp;<\/p>\n<p>Logo depois da posse de Berriel, acharam natural a fragilidade dos argumentos usados por ele. Agora, passados quase quatro meses no cargo, ele continua t\u00e3o fraco quanto no in\u00edcio da atual diretoria do BC.<\/p>\n<p>&nbsp;<\/p>\n<p>Decepc\u00e3o \u00e9 o termo mais leve quando os investidores descrevem as conversas com Berriel. E n\u00e3o \u00e9 porque ele se recusa a dar algum tipo de indicativo sobre os passos do BC. \u00c9 porque parece n\u00e3o saber muito bem sobre o que est\u00e1 falando.<\/p>\n","protected":false},"excerpt":{"rendered":"<p>POR ANTONIO TEM\u00d3TEO &nbsp; Investidores que estiveram com o diretor de Assuntos Internacionais do Banco Central, Tiago Berriel, ficaram surpresos com a inexperi\u00eancia dele para o cargo. &nbsp; Logo depois da posse de Berriel, acharam natural a fragilidade dos argumentos usados por ele. Agora, passados quase quatro meses no cargo, ele continua t\u00e3o fraco quanto [&hellip;]<\/p>\n","protected":false},"author":22,"featured_media":0,"comment_status":"open","ping_status":"closed","sticky":false,"template":"","format":"standard","meta":{"footnotes":""},"categories":[600],"tags":[1415,1417,1416,4],"class_list":["post-3457","post","type-post","status-publish","format-standard","hentry","category-economia","tag-banco-central-tiago-berriel","tag-decepacao-dos-investidores","tag-diretor-de-assuntos-internacionais","tag-juros"],"_links":{"self":[{"href":"https:\/\/blogs.correiobraziliense.com.br\/vicente\/wp-json\/wp\/v2\/posts\/3457","targetHints":{"allow":["GET"]}}],"collection":[{"href":"https:\/\/blogs.correiobraziliense.com.br\/vicente\/wp-json\/wp\/v2\/posts"}],"about":[{"href":"https:\/\/blogs.correiobraziliense.com.br\/vicente\/wp-json\/wp\/v2\/types\/post"}],"author":[{"embeddable":true,"href":"https:\/\/blogs.correiobraziliense.com.br\/vicente\/wp-json\/wp\/v2\/users\/22"}],"replies":[{"embeddable":true,"href":"https:\/\/blogs.correiobraziliense.com.br\/vicente\/wp-json\/wp\/v2\/comments?post=3457"}],"version-history":[{"count":1,"href":"https:\/\/blogs.correiobraziliense.com.br\/vicente\/wp-json\/wp\/v2\/posts\/3457\/revisions"}],"predecessor-version":[{"id":3458,"href":"https:\/\/blogs.correiobraziliense.com.br\/vicente\/wp-json\/wp\/v2\/posts\/3457\/revisions\/3458"}],"wp:attachment":[{"href":"https:\/\/blogs.correiobraziliense.com.br\/vicente\/wp-json\/wp\/v2\/media?parent=3457"}],"wp:term":[{"taxonomy":"category","embeddable":true,"href":"https:\/\/blogs.correiobraziliense.com.br\/vicente\/wp-json\/wp\/v2\/categories?post=3457"},{"taxonomy":"post_tag","embeddable":true,"href":"https:\/\/blogs.correiobraziliense.com.br\/vicente\/wp-json\/wp\/v2\/tags?post=3457"}],"curies":[{"name":"wp","href":"https:\/\/api.w.org\/{rel}","templated":true}]}}